{"id":25334,"date":"2022-09-14T18:13:27","date_gmt":"2022-09-14T16:13:27","guid":{"rendered":"https:\/\/blogs.elcomercio.es\/reflexiones-de-belarmino\/?p=25334"},"modified":"2022-09-14T18:13:27","modified_gmt":"2022-09-14T16:13:27","slug":"la-union-europea-recaudara-140000-millones-de-euros-con-la-tasa-a-las-energeticas","status":"publish","type":"post","link":"https:\/\/blogs.elcomercio.es\/reflexiones-de-belarmino\/2022\/09\/14\/la-union-europea-recaudara-140000-millones-de-euros-con-la-tasa-a-las-energeticas\/","title":{"rendered":"\u00a1\u00a1\u00a1\u00a1\u00a1 LA UNI\u00d3N EUROPEA RECAUDAR\u00c1 140,000 MILLONES DE EUROS CON LA TASA A LAS ENERG\u00c9TICAS !!!"},"content":{"rendered":"<p><b>Aislado el Partido Popular de Espa\u00f1a.La Uni\u00f3n Europea aplica la tasa a las energ\u00e9ticas que le dejaran\u00a0140,000 millones de euros.En Espa\u00f1a esta es la posici\u00f3n expresada ayer por el Gobierno de Coalici\u00f3n y en Bruselas el mismo Presidente Europeo de los Populares, M. Weber.<\/b><\/p>\n<p>&nbsp;<\/p>\n<!-- AddThis Advanced Settings generic via filter on the_content --><!-- AddThis Share Buttons generic via filter on the_content -->","protected":false},"excerpt":{"rendered":"<p>Aislado el Partido Popular de Espa\u00f1a.La Uni\u00f3n Europea aplica la tasa a las energ\u00e9ticas que le dejaran\u00a0140,000 millones de euros.En Espa\u00f1a esta es la posici\u00f3n expresada ayer por el Gobierno de Coalici\u00f3n y en Bruselas el mismo Presidente Europeo de los Populares, M. Weber. &nbsp;<!-- AddThis Advanced Settings generic via filter on get_the_excerpt --><!-- AddThis Share Buttons generic via filter on get_the_excerpt --><\/p>\n","protected":false},"author":16,"featured_media":0,"comment_status":"open","ping_status":"closed","sticky":false,"template":"","format":"standard","meta":[],"categories":[1],"tags":[],"_links":{"self":[{"href":"https:\/\/blogs.elcomercio.es\/reflexiones-de-belarmino\/wp-json\/wp\/v2\/posts\/25334"}],"collection":[{"href":"https:\/\/blogs.elcomercio.es\/reflexiones-de-belarmino\/wp-json\/wp\/v2\/posts"}],"about":[{"href":"https:\/\/blogs.elcomercio.es\/reflexiones-de-belarmino\/wp-json\/wp\/v2\/types\/post"}],"author":[{"embeddable":true,"href":"https:\/\/blogs.elcomercio.es\/reflexiones-de-belarmino\/wp-json\/wp\/v2\/users\/16"}],"replies":[{"embeddable":true,"href":"https:\/\/blogs.elcomercio.es\/reflexiones-de-belarmino\/wp-json\/wp\/v2\/comments?post=25334"}],"version-history":[{"count":2,"href":"https:\/\/blogs.elcomercio.es\/reflexiones-de-belarmino\/wp-json\/wp\/v2\/posts\/25334\/revisions"}],"predecessor-version":[{"id":25336,"href":"https:\/\/blogs.elcomercio.es\/reflexiones-de-belarmino\/wp-json\/wp\/v2\/posts\/25334\/revisions\/25336"}],"wp:attachment":[{"href":"https:\/\/blogs.elcomercio.es\/reflexiones-de-belarmino\/wp-json\/wp\/v2\/media?parent=25334"}],"wp:term":[{"taxonomy":"category","embeddable":true,"href":"https:\/\/blogs.elcomercio.es\/reflexiones-de-belarmino\/wp-json\/wp\/v2\/categories?post=25334"},{"taxonomy":"post_tag","embeddable":true,"href":"https:\/\/blogs.elcomercio.es\/reflexiones-de-belarmino\/wp-json\/wp\/v2\/tags?post=25334"}],"curies":[{"name":"wp","href":"https:\/\/api.w.org\/{rel}","templated":true}]}}