{"id":25337,"date":"2022-09-14T18:21:24","date_gmt":"2022-09-14T16:21:24","guid":{"rendered":"https:\/\/blogs.elcomercio.es\/reflexiones-de-belarmino\/?p=25337"},"modified":"2022-09-14T18:21:24","modified_gmt":"2022-09-14T16:21:24","slug":"alemania-estudia-nacionalizar-su-gran-empresa-energetica-uniper","status":"publish","type":"post","link":"https:\/\/blogs.elcomercio.es\/reflexiones-de-belarmino\/2022\/09\/14\/alemania-estudia-nacionalizar-su-gran-empresa-energetica-uniper\/","title":{"rendered":"\u00a1\u00a1\u00a1\u00a1\u00a1ALEMANIA ESTUDIA NACIONALIZAR SU GRAN EMPRESA ENERG\u00c9TICA UNIPER !!!"},"content":{"rendered":"<p><b>En Alemania, su gobierno ante la grave crisis energ\u00e9tica y la perdida de su principal empresa\u00a0UNIPER que ha perdido 12,000 millones de euros en el primer semestre est\u00e1 analizando su nacionalizaci\u00f3n, con m\u00e1s del 50 % del Estado.<\/b><\/p>\n<!-- AddThis Advanced Settings generic via filter on the_content --><!-- AddThis Share Buttons generic via filter on the_content -->","protected":false},"excerpt":{"rendered":"<p>En Alemania, su gobierno ante la grave crisis energ\u00e9tica y la perdida de su principal empresa\u00a0UNIPER que ha perdido 12,000 millones de euros en el primer semestre est\u00e1 analizando su nacionalizaci\u00f3n, con m\u00e1s del 50 % del Estado.<!-- AddThis Advanced Settings generic via filter on get_the_excerpt --><!-- AddThis Share Buttons generic via filter on get_the_excerpt --><\/p>\n","protected":false},"author":16,"featured_media":0,"comment_status":"open","ping_status":"closed","sticky":false,"template":"","format":"standard","meta":[],"categories":[1],"tags":[],"_links":{"self":[{"href":"https:\/\/blogs.elcomercio.es\/reflexiones-de-belarmino\/wp-json\/wp\/v2\/posts\/25337"}],"collection":[{"href":"https:\/\/blogs.elcomercio.es\/reflexiones-de-belarmino\/wp-json\/wp\/v2\/posts"}],"about":[{"href":"https:\/\/blogs.elcomercio.es\/reflexiones-de-belarmino\/wp-json\/wp\/v2\/types\/post"}],"author":[{"embeddable":true,"href":"https:\/\/blogs.elcomercio.es\/reflexiones-de-belarmino\/wp-json\/wp\/v2\/users\/16"}],"replies":[{"embeddable":true,"href":"https:\/\/blogs.elcomercio.es\/reflexiones-de-belarmino\/wp-json\/wp\/v2\/comments?post=25337"}],"version-history":[{"count":1,"href":"https:\/\/blogs.elcomercio.es\/reflexiones-de-belarmino\/wp-json\/wp\/v2\/posts\/25337\/revisions"}],"predecessor-version":[{"id":25338,"href":"https:\/\/blogs.elcomercio.es\/reflexiones-de-belarmino\/wp-json\/wp\/v2\/posts\/25337\/revisions\/25338"}],"wp:attachment":[{"href":"https:\/\/blogs.elcomercio.es\/reflexiones-de-belarmino\/wp-json\/wp\/v2\/media?parent=25337"}],"wp:term":[{"taxonomy":"category","embeddable":true,"href":"https:\/\/blogs.elcomercio.es\/reflexiones-de-belarmino\/wp-json\/wp\/v2\/categories?post=25337"},{"taxonomy":"post_tag","embeddable":true,"href":"https:\/\/blogs.elcomercio.es\/reflexiones-de-belarmino\/wp-json\/wp\/v2\/tags?post=25337"}],"curies":[{"name":"wp","href":"https:\/\/api.w.org\/{rel}","templated":true}]}}