{"id":25342,"date":"2022-09-14T19:46:45","date_gmt":"2022-09-14T17:46:45","guid":{"rendered":"https:\/\/blogs.elcomercio.es\/reflexiones-de-belarmino\/?p=25342"},"modified":"2022-09-14T19:46:45","modified_gmt":"2022-09-14T17:46:45","slug":"referendum-independencia-escocia-19-octubre-2023","status":"publish","type":"post","link":"https:\/\/blogs.elcomercio.es\/reflexiones-de-belarmino\/2022\/09\/14\/referendum-independencia-escocia-19-octubre-2023\/","title":{"rendered":"\u00a1\u00a1\u00a1\u00a1\u00a1REFER\u00c9NDUM INDEPENDENCIA ESCOCIA:  19 OCTUBRE 2023 !!!!"},"content":{"rendered":"<p><b>Muy lejos qued\u00f3 el conflicto\u00a0entre Isabel I de Inglaterra y Maria Estuardo reina de Escocia, all\u00e1 por los tiempos de\u00a0 Felipe II.\u00a0<\/b><\/p>\n<p><strong>La pugna por Escocia, Isabel I, la liquid\u00f3 facilmente. Apres\u00f3 a Maria Estuardo r, y la decapit\u00f3 y asunto arreglado.<\/strong><\/p>\n<p><b>No fue sino hasta 1707, que se unifican\u00a0ambos reinos, y crean el Reino de la Gran Breta\u00f1a, al que m\u00e1s tarde incorporan a Pais de Gales e Irlanda del Norte y forman el Reino Unido, la base del todo poderoso Imperio Brit\u00e1nico.<\/b><\/p>\n<p><b>Una cosa es que Australia o Canad\u00e1 quieran su independencia o Jamaica, Granada y Belice y dejar de tener como rey a Carlos III, pero otra m\u00e1s delicada es que, en tiempos de Isabel II, en 2014, pidieron un refer\u00e9ndum\u00a0que ganaron en favor de seguir\u00a0 con el 55% de los habitantes, que luego en su mayor\u00eda del\u00a060 % estuvieron en desacuerdo con el Brexit, y que Nicole Sturgeon, su Primera Ministra mantenga hoy el refer\u00e9ndum\u00a0convocado para el 19 de octubre del 2023.\u00a0<\/b><\/p>\n<p><b>Mientras las televisoras nos inundan de todos los pasos de despedida de Isabel II y, por supuesto, como lo dicen\u00a0en la\u00a0 5,&#8221; lo que a nosostros nos interesa es si Juan Carlos I, estar\u00e1 con el Rey Felipe VI,&#8221;m\u00e1s de 100 personas de Clarence House residencia del Principe de Gales antes, de los que estuvieron con \u00e9l en las duras y las maduras, ya est\u00e1n recibiendo notificaciones de cese de trabajo.<\/b><\/p>\n<p>&nbsp;<\/p>\n<p>&nbsp;<\/p>\n<p>&nbsp;<\/p>\n<p>&nbsp;<\/p>\n<!-- AddThis Advanced Settings generic via filter on the_content --><!-- AddThis Share Buttons generic via filter on the_content -->","protected":false},"excerpt":{"rendered":"<p>Muy lejos qued\u00f3 el conflicto\u00a0entre Isabel I de Inglaterra y Maria Estuardo reina de Escocia, all\u00e1 por los tiempos de\u00a0 Felipe II.\u00a0 La pugna por Escocia, Isabel I, la liquid\u00f3 facilmente. Apres\u00f3 a Maria Estuardo r, y la decapit\u00f3 y asunto arreglado. No fue sino hasta 1707, que se unifican\u00a0ambos reinos, y crean el Reino [&hellip;]<!-- AddThis Advanced Settings generic via filter on get_the_excerpt --><!-- AddThis Share Buttons generic via filter on get_the_excerpt --><\/p>\n","protected":false},"author":16,"featured_media":0,"comment_status":"open","ping_status":"closed","sticky":false,"template":"","format":"standard","meta":[],"categories":[1],"tags":[],"_links":{"self":[{"href":"https:\/\/blogs.elcomercio.es\/reflexiones-de-belarmino\/wp-json\/wp\/v2\/posts\/25342"}],"collection":[{"href":"https:\/\/blogs.elcomercio.es\/reflexiones-de-belarmino\/wp-json\/wp\/v2\/posts"}],"about":[{"href":"https:\/\/blogs.elcomercio.es\/reflexiones-de-belarmino\/wp-json\/wp\/v2\/types\/post"}],"author":[{"embeddable":true,"href":"https:\/\/blogs.elcomercio.es\/reflexiones-de-belarmino\/wp-json\/wp\/v2\/users\/16"}],"replies":[{"embeddable":true,"href":"https:\/\/blogs.elcomercio.es\/reflexiones-de-belarmino\/wp-json\/wp\/v2\/comments?post=25342"}],"version-history":[{"count":1,"href":"https:\/\/blogs.elcomercio.es\/reflexiones-de-belarmino\/wp-json\/wp\/v2\/posts\/25342\/revisions"}],"predecessor-version":[{"id":25343,"href":"https:\/\/blogs.elcomercio.es\/reflexiones-de-belarmino\/wp-json\/wp\/v2\/posts\/25342\/revisions\/25343"}],"wp:attachment":[{"href":"https:\/\/blogs.elcomercio.es\/reflexiones-de-belarmino\/wp-json\/wp\/v2\/media?parent=25342"}],"wp:term":[{"taxonomy":"category","embeddable":true,"href":"https:\/\/blogs.elcomercio.es\/reflexiones-de-belarmino\/wp-json\/wp\/v2\/categories?post=25342"},{"taxonomy":"post_tag","embeddable":true,"href":"https:\/\/blogs.elcomercio.es\/reflexiones-de-belarmino\/wp-json\/wp\/v2\/tags?post=25342"}],"curies":[{"name":"wp","href":"https:\/\/api.w.org\/{rel}","templated":true}]}}