{"id":25346,"date":"2022-09-14T20:03:33","date_gmt":"2022-09-14T18:03:33","guid":{"rendered":"https:\/\/blogs.elcomercio.es\/reflexiones-de-belarmino\/?p=25346"},"modified":"2022-09-14T20:03:33","modified_gmt":"2022-09-14T18:03:33","slug":"en-el-reino-unido-la-inflacion-del-10-1-en-julio-llegara-al-18-en-enero-2023","status":"publish","type":"post","link":"https:\/\/blogs.elcomercio.es\/reflexiones-de-belarmino\/2022\/09\/14\/en-el-reino-unido-la-inflacion-del-10-1-en-julio-llegara-al-18-en-enero-2023\/","title":{"rendered":"\u00a1\u00a1\u00a1 EN EL REINO UNIDO LA INFLACI\u00d3N DEL 10.1 % EN JULIO, LLEGAR\u00c1 AL 18 % EN ENERO 2023 !!!"},"content":{"rendered":"<p><b>No la tienen f\u00e1cil\u00a0Liz Truss, y menos Carlos III. A todo lo que padece el resto de Europa y su paulatina desintegraci\u00f3n, la inflaci\u00f3n que esper\u00e1bamos\u00a0para hoy, estaba en julio en 10.1 % y se estima que en enero 2023 llegar\u00e1\u00a0 al 18 %, por aquello que usted quisiera mudarse al otrora deseado pa\u00eds.<\/b><\/p>\n<!-- AddThis Advanced Settings generic via filter on the_content --><!-- AddThis Share Buttons generic via filter on the_content -->","protected":false},"excerpt":{"rendered":"<p>No la tienen f\u00e1cil\u00a0Liz Truss, y menos Carlos III. A todo lo que padece el resto de Europa y su paulatina desintegraci\u00f3n, la inflaci\u00f3n que esper\u00e1bamos\u00a0para hoy, estaba en julio en 10.1 % y se estima que en enero 2023 llegar\u00e1\u00a0 al 18 %, por aquello que usted quisiera mudarse al otrora deseado pa\u00eds.<!-- AddThis Advanced Settings generic via filter on get_the_excerpt --><!-- AddThis Share Buttons generic via filter on get_the_excerpt --><\/p>\n","protected":false},"author":16,"featured_media":0,"comment_status":"open","ping_status":"closed","sticky":false,"template":"","format":"standard","meta":[],"categories":[1],"tags":[],"_links":{"self":[{"href":"https:\/\/blogs.elcomercio.es\/reflexiones-de-belarmino\/wp-json\/wp\/v2\/posts\/25346"}],"collection":[{"href":"https:\/\/blogs.elcomercio.es\/reflexiones-de-belarmino\/wp-json\/wp\/v2\/posts"}],"about":[{"href":"https:\/\/blogs.elcomercio.es\/reflexiones-de-belarmino\/wp-json\/wp\/v2\/types\/post"}],"author":[{"embeddable":true,"href":"https:\/\/blogs.elcomercio.es\/reflexiones-de-belarmino\/wp-json\/wp\/v2\/users\/16"}],"replies":[{"embeddable":true,"href":"https:\/\/blogs.elcomercio.es\/reflexiones-de-belarmino\/wp-json\/wp\/v2\/comments?post=25346"}],"version-history":[{"count":1,"href":"https:\/\/blogs.elcomercio.es\/reflexiones-de-belarmino\/wp-json\/wp\/v2\/posts\/25346\/revisions"}],"predecessor-version":[{"id":25347,"href":"https:\/\/blogs.elcomercio.es\/reflexiones-de-belarmino\/wp-json\/wp\/v2\/posts\/25346\/revisions\/25347"}],"wp:attachment":[{"href":"https:\/\/blogs.elcomercio.es\/reflexiones-de-belarmino\/wp-json\/wp\/v2\/media?parent=25346"}],"wp:term":[{"taxonomy":"category","embeddable":true,"href":"https:\/\/blogs.elcomercio.es\/reflexiones-de-belarmino\/wp-json\/wp\/v2\/categories?post=25346"},{"taxonomy":"post_tag","embeddable":true,"href":"https:\/\/blogs.elcomercio.es\/reflexiones-de-belarmino\/wp-json\/wp\/v2\/tags?post=25346"}],"curies":[{"name":"wp","href":"https:\/\/api.w.org\/{rel}","templated":true}]}}