{"id":25348,"date":"2022-09-15T10:30:12","date_gmt":"2022-09-15T08:30:12","guid":{"rendered":"https:\/\/blogs.elcomercio.es\/reflexiones-de-belarmino\/?p=25348"},"modified":"2022-09-15T10:30:12","modified_gmt":"2022-09-15T08:30:12","slug":"el-congreso-abre-una-investigacion-sobre-los-audios-de-la-corrupcion-del-partido-popular","status":"publish","type":"post","link":"https:\/\/blogs.elcomercio.es\/reflexiones-de-belarmino\/2022\/09\/15\/el-congreso-abre-una-investigacion-sobre-los-audios-de-la-corrupcion-del-partido-popular\/","title":{"rendered":"\u00a1\u00a1\u00a1\u00a1EL CONGRESO ABRE UNA INVESTIGACI\u00d3N SOBRE LOS AUDIOS DE LA CORRUPCI\u00d3N DEL PARTIDO POPULAR !!!"},"content":{"rendered":"<p><strong>En Espa\u00f1a, por ahora hay dos poderes constitucionalmente en funciones. Ante el retraso de 4 a\u00f1os del Partido Popular para que no saliese a la luz, ni se\u00a0<\/strong><b>juzgase toda su corrupci\u00f3n, ayer ele poder legislativo inici\u00f3 una investigaci\u00f3n\u00a0\u00a0sobre los audios que se han dado\u00a0a conocer sobre el caso Kitchen que involucra a Mar\u00eda Dolares de Cospedal y a Mariano Rajoy.<\/b><\/p>\n<p><b>En los tiempos que pasan, igual que ayer, justamente\u00a0el Supremo conden\u00f3 a Gri\u00f1\u00e1n y a Chavez por lo que significaron los ERES que\u00a0 permitieron gobernar Andalucia m\u00e1s de treinta a\u00f1os hay que investigar\u00a0lo\u00a0 que pas\u00f3 en el Partido Popular, desde Aznar, a Rajoy y Casado.<\/b><\/p>\n<p><b>Los acontecimientos sociales nos pueden\u00a0arrastrar, si la alta inflaci\u00f3n en Europa se convierte en una recesi\u00f3n.<\/b><\/p>\n<!-- AddThis Advanced Settings generic via filter on the_content --><!-- AddThis Share Buttons generic via filter on the_content -->","protected":false},"excerpt":{"rendered":"<p>En Espa\u00f1a, por ahora hay dos poderes constitucionalmente en funciones. Ante el retraso de 4 a\u00f1os del Partido Popular para que no saliese a la luz, ni se\u00a0juzgase toda su corrupci\u00f3n, ayer ele poder legislativo inici\u00f3 una investigaci\u00f3n\u00a0\u00a0sobre los audios que se han dado\u00a0a conocer sobre el caso Kitchen que involucra a Mar\u00eda Dolares de [&hellip;]<!-- AddThis Advanced Settings generic via filter on get_the_excerpt --><!-- AddThis Share Buttons generic via filter on get_the_excerpt --><\/p>\n","protected":false},"author":16,"featured_media":0,"comment_status":"open","ping_status":"closed","sticky":false,"template":"","format":"standard","meta":[],"categories":[1],"tags":[],"_links":{"self":[{"href":"https:\/\/blogs.elcomercio.es\/reflexiones-de-belarmino\/wp-json\/wp\/v2\/posts\/25348"}],"collection":[{"href":"https:\/\/blogs.elcomercio.es\/reflexiones-de-belarmino\/wp-json\/wp\/v2\/posts"}],"about":[{"href":"https:\/\/blogs.elcomercio.es\/reflexiones-de-belarmino\/wp-json\/wp\/v2\/types\/post"}],"author":[{"embeddable":true,"href":"https:\/\/blogs.elcomercio.es\/reflexiones-de-belarmino\/wp-json\/wp\/v2\/users\/16"}],"replies":[{"embeddable":true,"href":"https:\/\/blogs.elcomercio.es\/reflexiones-de-belarmino\/wp-json\/wp\/v2\/comments?post=25348"}],"version-history":[{"count":2,"href":"https:\/\/blogs.elcomercio.es\/reflexiones-de-belarmino\/wp-json\/wp\/v2\/posts\/25348\/revisions"}],"predecessor-version":[{"id":25350,"href":"https:\/\/blogs.elcomercio.es\/reflexiones-de-belarmino\/wp-json\/wp\/v2\/posts\/25348\/revisions\/25350"}],"wp:attachment":[{"href":"https:\/\/blogs.elcomercio.es\/reflexiones-de-belarmino\/wp-json\/wp\/v2\/media?parent=25348"}],"wp:term":[{"taxonomy":"category","embeddable":true,"href":"https:\/\/blogs.elcomercio.es\/reflexiones-de-belarmino\/wp-json\/wp\/v2\/categories?post=25348"},{"taxonomy":"post_tag","embeddable":true,"href":"https:\/\/blogs.elcomercio.es\/reflexiones-de-belarmino\/wp-json\/wp\/v2\/tags?post=25348"}],"curies":[{"name":"wp","href":"https:\/\/api.w.org\/{rel}","templated":true}]}}