{"id":25361,"date":"2022-09-15T12:32:13","date_gmt":"2022-09-15T10:32:13","guid":{"rendered":"https:\/\/blogs.elcomercio.es\/reflexiones-de-belarmino\/?p=25361"},"modified":"2022-09-15T12:32:13","modified_gmt":"2022-09-15T10:32:13","slug":"habra-primarias-saldra-ana-gonzalez-y-triunfa-la-democracia-en-el-psoe","status":"publish","type":"post","link":"https:\/\/blogs.elcomercio.es\/reflexiones-de-belarmino\/2022\/09\/15\/habra-primarias-saldra-ana-gonzalez-y-triunfa-la-democracia-en-el-psoe\/","title":{"rendered":"\u00a1\u00a1\u00a1\u00a1HABR\u00c1 PRIMARIAS, SALDR\u00c1 ANA GONZALEZ Y TRIUNFA LA DEMOCRACIA EN EL PSOE !!!"},"content":{"rendered":"<p><b>Loa perdieron los que se opon\u00edan, para\u00a0los que la democracia\u00a0era un &#8220;barullu&#8221; ,como el presidente del Principado, en su desafortunada frase.<\/b><\/p>\n<p><b>\u00a0En la Agrupaci\u00f3n Socialista de\u00a0 Gij\u00f3n se respetaron los estatutos, se consult\u00f3 a los afiliados, y se buscaron las 650 firmas que se ped\u00edan para hacer las primarias. Hoy termina el tiempo, pero ayer ten\u00edan 650 firmas de las 592 exigidas.<\/b><\/p>\n<p><strong>Ello, creemos, sacar\u00e1 a Ana Gonz\u00e1lez de la candidatura para las elecciones de mayo, y, lo que son las cosas el mejor aliado para la FSA y el propio Adr\u00edan Barb\u00f3n para aspirar a ganar las eleccciones en Asturias, ha sido la democracia denostada.<\/strong><\/p>\n<p>&nbsp;<\/p>\n<!-- AddThis Advanced Settings generic via filter on the_content --><!-- AddThis Share Buttons generic via filter on the_content -->","protected":false},"excerpt":{"rendered":"<p>Loa perdieron los que se opon\u00edan, para\u00a0los que la democracia\u00a0era un &#8220;barullu&#8221; ,como el presidente del Principado, en su desafortunada frase. \u00a0En la Agrupaci\u00f3n Socialista de\u00a0 Gij\u00f3n se respetaron los estatutos, se consult\u00f3 a los afiliados, y se buscaron las 650 firmas que se ped\u00edan para hacer las primarias. Hoy termina el tiempo, pero ayer [&hellip;]<!-- AddThis Advanced Settings generic via filter on get_the_excerpt --><!-- AddThis Share Buttons generic via filter on get_the_excerpt --><\/p>\n","protected":false},"author":16,"featured_media":0,"comment_status":"open","ping_status":"closed","sticky":false,"template":"","format":"standard","meta":[],"categories":[1],"tags":[],"_links":{"self":[{"href":"https:\/\/blogs.elcomercio.es\/reflexiones-de-belarmino\/wp-json\/wp\/v2\/posts\/25361"}],"collection":[{"href":"https:\/\/blogs.elcomercio.es\/reflexiones-de-belarmino\/wp-json\/wp\/v2\/posts"}],"about":[{"href":"https:\/\/blogs.elcomercio.es\/reflexiones-de-belarmino\/wp-json\/wp\/v2\/types\/post"}],"author":[{"embeddable":true,"href":"https:\/\/blogs.elcomercio.es\/reflexiones-de-belarmino\/wp-json\/wp\/v2\/users\/16"}],"replies":[{"embeddable":true,"href":"https:\/\/blogs.elcomercio.es\/reflexiones-de-belarmino\/wp-json\/wp\/v2\/comments?post=25361"}],"version-history":[{"count":1,"href":"https:\/\/blogs.elcomercio.es\/reflexiones-de-belarmino\/wp-json\/wp\/v2\/posts\/25361\/revisions"}],"predecessor-version":[{"id":25362,"href":"https:\/\/blogs.elcomercio.es\/reflexiones-de-belarmino\/wp-json\/wp\/v2\/posts\/25361\/revisions\/25362"}],"wp:attachment":[{"href":"https:\/\/blogs.elcomercio.es\/reflexiones-de-belarmino\/wp-json\/wp\/v2\/media?parent=25361"}],"wp:term":[{"taxonomy":"category","embeddable":true,"href":"https:\/\/blogs.elcomercio.es\/reflexiones-de-belarmino\/wp-json\/wp\/v2\/categories?post=25361"},{"taxonomy":"post_tag","embeddable":true,"href":"https:\/\/blogs.elcomercio.es\/reflexiones-de-belarmino\/wp-json\/wp\/v2\/tags?post=25361"}],"curies":[{"name":"wp","href":"https:\/\/api.w.org\/{rel}","templated":true}]}}