{"id":25371,"date":"2022-09-15T18:22:17","date_gmt":"2022-09-15T16:22:17","guid":{"rendered":"https:\/\/blogs.elcomercio.es\/reflexiones-de-belarmino\/?p=25371"},"modified":"2022-09-15T18:22:17","modified_gmt":"2022-09-15T16:22:17","slug":"en-las-dos-encuestas-del-cis-y-del-debate-el-pp-y-vox-bajan-y-suben-psoe-y-up","status":"publish","type":"post","link":"https:\/\/blogs.elcomercio.es\/reflexiones-de-belarmino\/2022\/09\/15\/en-las-dos-encuestas-del-cis-y-del-debate-el-pp-y-vox-bajan-y-suben-psoe-y-up\/","title":{"rendered":"\u00a1\u00a1\u00a1EN LAS DOS ENCUESTAS DEL CIS Y DEL DEBATE, EL PP Y VOX, BAJAN Y SUBEN PSOE Y UP !!!"},"content":{"rendered":"<p><b>Una de ellas, la principal es la del CIS de este mes, que, por primera vez en meses, coloca de nuevo al PSOE por encima del PP y a Unidas Podemos por\u00a0encima de\u00a0Vox.<\/b><\/p>\n<p><strong>De nuevo la suma del PP(28.5 %), VOX(10.5 %) y C\u00b4S( 2.8%) s\u00f3lo suman el 41.6 % del y deja al Gobierno de Coalici\u00f3n PSOE(29.2%); UP(12.8 %) y el resto de los partidos de apoyo a la Investidura, tendr\u00edan el 48,4%.<\/strong><\/p>\n<p><strong>En otra encuesta Nu\u00f1ez Feij\u00f3o sale derrotado por pedro Sanchez 29 a 24 %., tras el debate en el Senado con poco inter\u00e9s.<\/strong><\/p>\n<p><b>Nu\u00f1ez Feij\u00f3o sabe\u00a0que\u00a0una cosa era Galicia y otra Espa\u00f1a.<\/b><\/p>\n<p>&nbsp;<\/p>\n<!-- AddThis Advanced Settings generic via filter on the_content --><!-- AddThis Share Buttons generic via filter on the_content -->","protected":false},"excerpt":{"rendered":"<p>Una de ellas, la principal es la del CIS de este mes, que, por primera vez en meses, coloca de nuevo al PSOE por encima del PP y a Unidas Podemos por\u00a0encima de\u00a0Vox. De nuevo la suma del PP(28.5 %), VOX(10.5 %) y C\u00b4S( 2.8%) s\u00f3lo suman el 41.6 % del y deja al Gobierno [&hellip;]<!-- AddThis Advanced Settings generic via filter on get_the_excerpt --><!-- AddThis Share Buttons generic via filter on get_the_excerpt --><\/p>\n","protected":false},"author":16,"featured_media":0,"comment_status":"open","ping_status":"closed","sticky":false,"template":"","format":"standard","meta":[],"categories":[1],"tags":[],"_links":{"self":[{"href":"https:\/\/blogs.elcomercio.es\/reflexiones-de-belarmino\/wp-json\/wp\/v2\/posts\/25371"}],"collection":[{"href":"https:\/\/blogs.elcomercio.es\/reflexiones-de-belarmino\/wp-json\/wp\/v2\/posts"}],"about":[{"href":"https:\/\/blogs.elcomercio.es\/reflexiones-de-belarmino\/wp-json\/wp\/v2\/types\/post"}],"author":[{"embeddable":true,"href":"https:\/\/blogs.elcomercio.es\/reflexiones-de-belarmino\/wp-json\/wp\/v2\/users\/16"}],"replies":[{"embeddable":true,"href":"https:\/\/blogs.elcomercio.es\/reflexiones-de-belarmino\/wp-json\/wp\/v2\/comments?post=25371"}],"version-history":[{"count":1,"href":"https:\/\/blogs.elcomercio.es\/reflexiones-de-belarmino\/wp-json\/wp\/v2\/posts\/25371\/revisions"}],"predecessor-version":[{"id":25372,"href":"https:\/\/blogs.elcomercio.es\/reflexiones-de-belarmino\/wp-json\/wp\/v2\/posts\/25371\/revisions\/25372"}],"wp:attachment":[{"href":"https:\/\/blogs.elcomercio.es\/reflexiones-de-belarmino\/wp-json\/wp\/v2\/media?parent=25371"}],"wp:term":[{"taxonomy":"category","embeddable":true,"href":"https:\/\/blogs.elcomercio.es\/reflexiones-de-belarmino\/wp-json\/wp\/v2\/categories?post=25371"},{"taxonomy":"post_tag","embeddable":true,"href":"https:\/\/blogs.elcomercio.es\/reflexiones-de-belarmino\/wp-json\/wp\/v2\/tags?post=25371"}],"curies":[{"name":"wp","href":"https:\/\/api.w.org\/{rel}","templated":true}]}}