{"id":25376,"date":"2022-09-15T19:23:29","date_gmt":"2022-09-15T17:23:29","guid":{"rendered":"https:\/\/blogs.elcomercio.es\/reflexiones-de-belarmino\/?p=25376"},"modified":"2022-09-15T19:23:29","modified_gmt":"2022-09-15T17:23:29","slug":"fmi-ante-la-enorme-cantidad-de-incertidumbre-habla-recesion-en-varios-paises-pero-no-sabemos-si-sera-global","status":"publish","type":"post","link":"https:\/\/blogs.elcomercio.es\/reflexiones-de-belarmino\/2022\/09\/15\/fmi-ante-la-enorme-cantidad-de-incertidumbre-habla-recesion-en-varios-paises-pero-no-sabemos-si-sera-global\/","title":{"rendered":"\u00a1\u00a1\u00a1\u00a1FMI: &#8220;ANTE LA ENORME CANTIDAD DE INCERTIDUMBRE, HABLA RECESI\u00d3N EN VARIOS PA\u00cdSES PERO NO SABEMOS SI SER\u00c1 GLOBAL &#8220;!!"},"content":{"rendered":"<p><b>El portavoz del Fondo Monetario Internacional Gerry Rice, ha dicho hoy, que la des aceleraci\u00f3n\u00a0econ\u00f3mica\u00a0global se ha intensificado en las \u00faltimas semanas y meses, lo que ha creado una &#8220;enorme cantidad\u00a0de incertidumbre&#8221; y aunque se\u00a0estima que varios paises caigan en la Recesi\u00f3n el a\u00f1o pr\u00f3ximo, todav\u00eda es pronto\u00a0para saber SI LA RECESI\u00d3N\u00a0SERA GLOBAL.<\/b><\/p>\n<p><strong>Aviso a navegantes&#8230;..<\/strong><\/p>\n<!-- AddThis Advanced Settings generic via filter on the_content --><!-- AddThis Share Buttons generic via filter on the_content -->","protected":false},"excerpt":{"rendered":"<p>El portavoz del Fondo Monetario Internacional Gerry Rice, ha dicho hoy, que la des aceleraci\u00f3n\u00a0econ\u00f3mica\u00a0global se ha intensificado en las \u00faltimas semanas y meses, lo que ha creado una &#8220;enorme cantidad\u00a0de incertidumbre&#8221; y aunque se\u00a0estima que varios paises caigan en la Recesi\u00f3n el a\u00f1o pr\u00f3ximo, todav\u00eda es pronto\u00a0para saber SI LA RECESI\u00d3N\u00a0SERA GLOBAL. Aviso a [&hellip;]<!-- AddThis Advanced Settings generic via filter on get_the_excerpt --><!-- AddThis Share Buttons generic via filter on get_the_excerpt --><\/p>\n","protected":false},"author":16,"featured_media":0,"comment_status":"open","ping_status":"closed","sticky":false,"template":"","format":"standard","meta":[],"categories":[1],"tags":[],"_links":{"self":[{"href":"https:\/\/blogs.elcomercio.es\/reflexiones-de-belarmino\/wp-json\/wp\/v2\/posts\/25376"}],"collection":[{"href":"https:\/\/blogs.elcomercio.es\/reflexiones-de-belarmino\/wp-json\/wp\/v2\/posts"}],"about":[{"href":"https:\/\/blogs.elcomercio.es\/reflexiones-de-belarmino\/wp-json\/wp\/v2\/types\/post"}],"author":[{"embeddable":true,"href":"https:\/\/blogs.elcomercio.es\/reflexiones-de-belarmino\/wp-json\/wp\/v2\/users\/16"}],"replies":[{"embeddable":true,"href":"https:\/\/blogs.elcomercio.es\/reflexiones-de-belarmino\/wp-json\/wp\/v2\/comments?post=25376"}],"version-history":[{"count":2,"href":"https:\/\/blogs.elcomercio.es\/reflexiones-de-belarmino\/wp-json\/wp\/v2\/posts\/25376\/revisions"}],"predecessor-version":[{"id":25378,"href":"https:\/\/blogs.elcomercio.es\/reflexiones-de-belarmino\/wp-json\/wp\/v2\/posts\/25376\/revisions\/25378"}],"wp:attachment":[{"href":"https:\/\/blogs.elcomercio.es\/reflexiones-de-belarmino\/wp-json\/wp\/v2\/media?parent=25376"}],"wp:term":[{"taxonomy":"category","embeddable":true,"href":"https:\/\/blogs.elcomercio.es\/reflexiones-de-belarmino\/wp-json\/wp\/v2\/categories?post=25376"},{"taxonomy":"post_tag","embeddable":true,"href":"https:\/\/blogs.elcomercio.es\/reflexiones-de-belarmino\/wp-json\/wp\/v2\/tags?post=25376"}],"curies":[{"name":"wp","href":"https:\/\/api.w.org\/{rel}","templated":true}]}}