{"id":25393,"date":"2022-09-17T16:00:59","date_gmt":"2022-09-17T14:00:59","guid":{"rendered":"https:\/\/blogs.elcomercio.es\/reflexiones-de-belarmino\/?p=25393"},"modified":"2022-09-17T16:01:44","modified_gmt":"2022-09-17T14:01:44","slug":"todos-queremos-la-paz-que-no-haya-recesion-que-se-combata-el-cambio-climatico-pero-ante-el-fracaso-de-la-onu-no-hay-organismos-supranacionales","status":"publish","type":"post","link":"https:\/\/blogs.elcomercio.es\/reflexiones-de-belarmino\/2022\/09\/17\/todos-queremos-la-paz-que-no-haya-recesion-que-se-combata-el-cambio-climatico-pero-ante-el-fracaso-de-la-onu-no-hay-organismos-supranacionales\/","title":{"rendered":"\u00a1\u00a1\u00a1\u00a1\u00a1TODOS QUEREMOS LA PAZ, QUE NO HAYA RECESI\u00d3N, QUE SE COMBATA EL CAMBIO CLIMATICO, PERO  ANTE EL FRACASO DE LA ONU NO HAY ORGANISMOS SUPRANACIONALES !!!"},"content":{"rendered":"<p><b>Por que no hablamos. Todos queremos la paz; todos queremos controlar las epidemias; nadie quiere recesiones, ni hambre, ni que pare el cambio clim\u00e1tico, pero&#8230;.<\/b><\/p>\n<p><b>Los humanos no hemos sido capaces, los lideres, de crear una acci\u00f3n\u00a0supranacional que ,por lo menos nos\u00a0de un respiro. La ONU ha fracasado, no ha resuelto\u00a0problema importante alguno en 80 a\u00f1os. Resoluciones van y vienen, pero, como siempre todo est\u00e1 en manos de las superpotencias.<\/b><\/p>\n<p><b>Vamos de un mundo unipolar a otro multipolar, inevitablemente, expresi\u00f3n de los cuales son las acciones de las principales potencias, a saber: EE.UU. ,Europa, China, Rusia, India.<\/b><\/p>\n<p><b>Declaraciones tras declaraciones; manipulaci\u00f3n de las informaciones al m\u00e1s primario nivel. Los nacionalismo\u00a0grandes, o los peque\u00f1itos, ah\u00ed est\u00e1n como siempre disput\u00e1ndose territorios, poder, mientras que miles de millones estamos a expensas de dichos liderazgos.<\/b><\/p>\n<p><b>Este no es un problema de buenos\u00a0o malos. Es mucho m\u00e1s complejo.<\/b><\/p>\n<!-- AddThis Advanced Settings generic via filter on the_content --><!-- AddThis Share Buttons generic via filter on the_content -->","protected":false},"excerpt":{"rendered":"<p>Por que no hablamos. Todos queremos la paz; todos queremos controlar las epidemias; nadie quiere recesiones, ni hambre, ni que pare el cambio clim\u00e1tico, pero&#8230;. Los humanos no hemos sido capaces, los lideres, de crear una acci\u00f3n\u00a0supranacional que ,por lo menos nos\u00a0de un respiro. La ONU ha fracasado, no ha resuelto\u00a0problema importante alguno en 80 [&hellip;]<!-- AddThis Advanced Settings generic via filter on get_the_excerpt --><!-- AddThis Share Buttons generic via filter on get_the_excerpt --><\/p>\n","protected":false},"author":16,"featured_media":0,"comment_status":"open","ping_status":"closed","sticky":false,"template":"","format":"standard","meta":[],"categories":[1],"tags":[],"_links":{"self":[{"href":"https:\/\/blogs.elcomercio.es\/reflexiones-de-belarmino\/wp-json\/wp\/v2\/posts\/25393"}],"collection":[{"href":"https:\/\/blogs.elcomercio.es\/reflexiones-de-belarmino\/wp-json\/wp\/v2\/posts"}],"about":[{"href":"https:\/\/blogs.elcomercio.es\/reflexiones-de-belarmino\/wp-json\/wp\/v2\/types\/post"}],"author":[{"embeddable":true,"href":"https:\/\/blogs.elcomercio.es\/reflexiones-de-belarmino\/wp-json\/wp\/v2\/users\/16"}],"replies":[{"embeddable":true,"href":"https:\/\/blogs.elcomercio.es\/reflexiones-de-belarmino\/wp-json\/wp\/v2\/comments?post=25393"}],"version-history":[{"count":2,"href":"https:\/\/blogs.elcomercio.es\/reflexiones-de-belarmino\/wp-json\/wp\/v2\/posts\/25393\/revisions"}],"predecessor-version":[{"id":25395,"href":"https:\/\/blogs.elcomercio.es\/reflexiones-de-belarmino\/wp-json\/wp\/v2\/posts\/25393\/revisions\/25395"}],"wp:attachment":[{"href":"https:\/\/blogs.elcomercio.es\/reflexiones-de-belarmino\/wp-json\/wp\/v2\/media?parent=25393"}],"wp:term":[{"taxonomy":"category","embeddable":true,"href":"https:\/\/blogs.elcomercio.es\/reflexiones-de-belarmino\/wp-json\/wp\/v2\/categories?post=25393"},{"taxonomy":"post_tag","embeddable":true,"href":"https:\/\/blogs.elcomercio.es\/reflexiones-de-belarmino\/wp-json\/wp\/v2\/tags?post=25393"}],"curies":[{"name":"wp","href":"https:\/\/api.w.org\/{rel}","templated":true}]}}