{"id":25418,"date":"2022-09-19T09:36:09","date_gmt":"2022-09-19T07:36:09","guid":{"rendered":"https:\/\/blogs.elcomercio.es\/reflexiones-de-belarmino\/?p=25418"},"modified":"2022-09-19T09:36:46","modified_gmt":"2022-09-19T07:36:46","slug":"5000000-hombres-bajo-el-mando-civil-enfrentaran-hasta-2028-la-lucha-contra-la-violencia-en-mexico","status":"publish","type":"post","link":"https:\/\/blogs.elcomercio.es\/reflexiones-de-belarmino\/2022\/09\/19\/5000000-hombres-bajo-el-mando-civil-enfrentaran-hasta-2028-la-lucha-contra-la-violencia-en-mexico\/","title":{"rendered":"\u00a1\u00a1\u00a1\u00a1\u00a1500,000 HOMBRES BAJO EL MANDO CIVIL ENFRENTARAN HASTA 2028 LA LUCHA CONTRA LA VIOLENCIA EN MEXICO !!!"},"content":{"rendered":"<p><b>Para entenderlo. Desde 1990, se form\u00f3 en M\u00e9xico, la Polic\u00eda\u00a0Federal. Preparada al m\u00e1ximo\u00a0nivel, termin\u00f3 convirti\u00e9ndose\u00a0en los hombres de horca y cuchillo, de los presidentes Salinas, Zedillo, Fox, Caldero y Pe\u00f1a.Esos hombres, fueron el contacto con el Cartel\u00a0del &#8220;se\u00f1or Presidente&#8221; en turno y usaba a diestra y siniestra al ejercito y a la marina para enfrentar la violencia desatada entre el cartel en turno y los desplazados. Ju\u00e1rez, los 100,000 muertos, los desaparecidos, los colgados en los puentes, fueron el resultado de la podredumbre de aquella polic\u00eda.Aquella visi\u00f3n de aquel M\u00e9xico tiene los d\u00edas contados.<\/b><\/p>\n<p><b>El presidente L\u00f3pez Obrador\u00a0 hizo que el los militares\u00a0y marinos hicieran suyo el Proyecto de Naci\u00f3n. Cort\u00f3 de\u00a0cuajo a los grandes militares de aquella \u00e9poca y los substituy\u00f3 por generales y militares conocidos por sus honestidad.Y el ejercito mexicano que surge de la base del pueblo, nunca ha dado un golpe militar desde la Revoluci\u00f3n, de pronto se sinti\u00f3 \u00fatil: sus ingenieros hicieron refiner\u00edas, carreteras aeropuertos y los marinos se sintieron \u00fatiles.<\/b><\/p>\n<p><strong>El presidente y el Secretario de la Defensa, el de Marina y la de Seguridad Nacional, reunidos mil veces a las 7 de la ma\u00f1ana en Palacio antes de la Ma\u00f1anera, encontraron el camino: Primero hacer la Guardia Nacional para enfrentar a la violencia que cuenta ya con 130,000 hombres en 380 regiones del pa\u00eds y la semana pasada, junto con el PRI, MORENA sac\u00f3 en las dos C\u00e1maras un proyecto para DARLE COBERTURA LEGAL a las acciones de ejercito y marina, que usaron aquellos Secretario de Seguridad P\u00fablica, hasta 2028.<\/strong><\/p>\n<p><strong>El d\u00eda 16 en el Desfile Militar de cada a\u00f1o, las fuerzas armadas fueron claras: en M\u00e9xico todos estamos bajo el mando civil y agradecemos al presidente de la Rep\u00fablica, habernos dado la cobertura legal para actuar.<\/strong><\/p>\n<p><b>De los 50,000 hombres que hab\u00eda para enfrentar\u00a0a los carteles, hoy hay 500,000 que van tras ellos y la violencia del crimen organizada.<\/b><\/p>\n<p><strong>Por supuesto, para combatir la violencia, sobre todo con los j\u00f3venes, hay que darles futuro y es la tarea del gobierno sacar la econom\u00eda del pa\u00eds, no en el crecimiento sino en el desarrollo integral de la sociedad.<\/strong><\/p>\n<p><b>Ante el ejercito, el presidente L\u00f3pez Obrador conden\u00f3\u00a0la guerra donde est\u00e9; critic\u00f3 duramente a la ONU por su incapacidad y sugiri\u00f3\u00a0una comisi\u00f3n de alto el fuego integrado por Gutierres, El Papa Francisco y el\u00a0 primer ministros de la India Nerendra Modi, y pidi\u00f3 5 a\u00f1os de tregua mundiales para hacer frente a los grandes desaf\u00edos.<\/b><\/p>\n<p><b>Casualmente\u00a0la ONU y Zelenski fueron los que de inmediato protestaron.<\/b><\/p>\n<p>&nbsp;<\/p>\n<p>&nbsp;<\/p>\n<p>&nbsp;<\/p>\n<!-- AddThis Advanced Settings generic via filter on the_content --><!-- AddThis Share Buttons generic via filter on the_content -->","protected":false},"excerpt":{"rendered":"<p>Para entenderlo. Desde 1990, se form\u00f3 en M\u00e9xico, la Polic\u00eda\u00a0Federal. Preparada al m\u00e1ximo\u00a0nivel, termin\u00f3 convirti\u00e9ndose\u00a0en los hombres de horca y cuchillo, de los presidentes Salinas, Zedillo, Fox, Caldero y Pe\u00f1a.Esos hombres, fueron el contacto con el Cartel\u00a0del &#8220;se\u00f1or Presidente&#8221; en turno y usaba a diestra y siniestra al ejercito y a la marina para enfrentar [&hellip;]<!-- AddThis Advanced Settings generic via filter on get_the_excerpt --><!-- AddThis Share Buttons generic via filter on get_the_excerpt --><\/p>\n","protected":false},"author":16,"featured_media":0,"comment_status":"open","ping_status":"closed","sticky":false,"template":"","format":"standard","meta":[],"categories":[1],"tags":[],"_links":{"self":[{"href":"https:\/\/blogs.elcomercio.es\/reflexiones-de-belarmino\/wp-json\/wp\/v2\/posts\/25418"}],"collection":[{"href":"https:\/\/blogs.elcomercio.es\/reflexiones-de-belarmino\/wp-json\/wp\/v2\/posts"}],"about":[{"href":"https:\/\/blogs.elcomercio.es\/reflexiones-de-belarmino\/wp-json\/wp\/v2\/types\/post"}],"author":[{"embeddable":true,"href":"https:\/\/blogs.elcomercio.es\/reflexiones-de-belarmino\/wp-json\/wp\/v2\/users\/16"}],"replies":[{"embeddable":true,"href":"https:\/\/blogs.elcomercio.es\/reflexiones-de-belarmino\/wp-json\/wp\/v2\/comments?post=25418"}],"version-history":[{"count":3,"href":"https:\/\/blogs.elcomercio.es\/reflexiones-de-belarmino\/wp-json\/wp\/v2\/posts\/25418\/revisions"}],"predecessor-version":[{"id":25421,"href":"https:\/\/blogs.elcomercio.es\/reflexiones-de-belarmino\/wp-json\/wp\/v2\/posts\/25418\/revisions\/25421"}],"wp:attachment":[{"href":"https:\/\/blogs.elcomercio.es\/reflexiones-de-belarmino\/wp-json\/wp\/v2\/media?parent=25418"}],"wp:term":[{"taxonomy":"category","embeddable":true,"href":"https:\/\/blogs.elcomercio.es\/reflexiones-de-belarmino\/wp-json\/wp\/v2\/categories?post=25418"},{"taxonomy":"post_tag","embeddable":true,"href":"https:\/\/blogs.elcomercio.es\/reflexiones-de-belarmino\/wp-json\/wp\/v2\/tags?post=25418"}],"curies":[{"name":"wp","href":"https:\/\/api.w.org\/{rel}","templated":true}]}}