{"id":25427,"date":"2022-09-19T12:49:32","date_gmt":"2022-09-19T10:49:32","guid":{"rendered":"https:\/\/blogs.elcomercio.es\/reflexiones-de-belarmino\/?p=25427"},"modified":"2022-09-19T12:49:32","modified_gmt":"2022-09-19T10:49:32","slug":"juan-carlos-i-lo-logro-codo-a-codo-con-la-reina-leticia","status":"publish","type":"post","link":"https:\/\/blogs.elcomercio.es\/reflexiones-de-belarmino\/2022\/09\/19\/juan-carlos-i-lo-logro-codo-a-codo-con-la-reina-leticia\/","title":{"rendered":"\u00a1\u00a1\u00a1\u00a1\u00a1\u00a1\u00a1\u00a1JUAN CARLOS I, LO LOGR\u00d3: CODO A CODO CON LA REINA LETICIA!!!!!"},"content":{"rendered":"<p><strong>El Reino Unido, el ex imperio brit\u00e1nico, no son Zarzuela y los medios de comunicaci\u00f3n espa\u00f1oles, ni la Casa Real. Hoy qued\u00f3 claro.<\/strong><\/p>\n<p><strong>La visi\u00f3n de los brit\u00e1nicos es diferente. Los amigos de tantos a\u00f1os le cumplieron.<\/strong><\/p>\n<p><strong>Irritado por el trato de querer separarlo de la monarqu\u00eda cuando sali\u00f3 de Abu Dabi, supo mover sus cartas y, contra todo pronostico, lo colocaron al lado de los reyes de Espa\u00f1a. Para colmo, la reina Leticia tuvo que aguantar todo el funeral codo a codo con \u00e9l.<\/strong><\/p>\n<p><strong>La imagen la pudimos ver en la trasmisi\u00f3n a lo lejos. De izquierda a derecha DO\u00d1A SOFIA, DON JUAN CARLOS I, LETIZIA, Y FELIPE VI.<\/strong><\/p>\n<p><strong>Creo que todav\u00eda si no ha hecho p\u00fablico en Espa\u00f1a, pero estaba claro en la trasmisi\u00f3n de un modesto observador que hab\u00eda gozado los coros y toda la ceremonia.<\/strong><\/p>\n<p><b>En una toma, estaba la Casa Real Espa\u00f1ola en pleno, pegaditos. La Casa Real, le quit\u00f3 el enfado\u00a0a Juan Carlos y, para que doliera m\u00e1s, lo sentaron al lado de la reina Letizia, mientras al lado de ella, no muy contento, estaba Felipe VI.<\/b><\/p>\n<p><strong>El viejo lobo se los comi\u00f3.<\/strong><\/p>\n<p>&nbsp;<\/p>\n<!-- AddThis Advanced Settings generic via filter on the_content --><!-- AddThis Share Buttons generic via filter on the_content -->","protected":false},"excerpt":{"rendered":"<p>El Reino Unido, el ex imperio brit\u00e1nico, no son Zarzuela y los medios de comunicaci\u00f3n espa\u00f1oles, ni la Casa Real. Hoy qued\u00f3 claro. La visi\u00f3n de los brit\u00e1nicos es diferente. Los amigos de tantos a\u00f1os le cumplieron. Irritado por el trato de querer separarlo de la monarqu\u00eda cuando sali\u00f3 de Abu Dabi, supo mover sus [&hellip;]<!-- AddThis Advanced Settings generic via filter on get_the_excerpt --><!-- AddThis Share Buttons generic via filter on get_the_excerpt --><\/p>\n","protected":false},"author":16,"featured_media":0,"comment_status":"open","ping_status":"closed","sticky":false,"template":"","format":"standard","meta":[],"categories":[1],"tags":[],"_links":{"self":[{"href":"https:\/\/blogs.elcomercio.es\/reflexiones-de-belarmino\/wp-json\/wp\/v2\/posts\/25427"}],"collection":[{"href":"https:\/\/blogs.elcomercio.es\/reflexiones-de-belarmino\/wp-json\/wp\/v2\/posts"}],"about":[{"href":"https:\/\/blogs.elcomercio.es\/reflexiones-de-belarmino\/wp-json\/wp\/v2\/types\/post"}],"author":[{"embeddable":true,"href":"https:\/\/blogs.elcomercio.es\/reflexiones-de-belarmino\/wp-json\/wp\/v2\/users\/16"}],"replies":[{"embeddable":true,"href":"https:\/\/blogs.elcomercio.es\/reflexiones-de-belarmino\/wp-json\/wp\/v2\/comments?post=25427"}],"version-history":[{"count":1,"href":"https:\/\/blogs.elcomercio.es\/reflexiones-de-belarmino\/wp-json\/wp\/v2\/posts\/25427\/revisions"}],"predecessor-version":[{"id":25428,"href":"https:\/\/blogs.elcomercio.es\/reflexiones-de-belarmino\/wp-json\/wp\/v2\/posts\/25427\/revisions\/25428"}],"wp:attachment":[{"href":"https:\/\/blogs.elcomercio.es\/reflexiones-de-belarmino\/wp-json\/wp\/v2\/media?parent=25427"}],"wp:term":[{"taxonomy":"category","embeddable":true,"href":"https:\/\/blogs.elcomercio.es\/reflexiones-de-belarmino\/wp-json\/wp\/v2\/categories?post=25427"},{"taxonomy":"post_tag","embeddable":true,"href":"https:\/\/blogs.elcomercio.es\/reflexiones-de-belarmino\/wp-json\/wp\/v2\/tags?post=25427"}],"curies":[{"name":"wp","href":"https:\/\/api.w.org\/{rel}","templated":true}]}}