{"id":25442,"date":"2022-09-20T11:14:22","date_gmt":"2022-09-20T09:14:22","guid":{"rendered":"https:\/\/blogs.elcomercio.es\/reflexiones-de-belarmino\/?p=25442"},"modified":"2022-09-20T11:14:22","modified_gmt":"2022-09-20T09:14:22","slug":"china-reduce-el-8-de-co2-el-mayor-de-una-decada-ejemplo","status":"publish","type":"post","link":"https:\/\/blogs.elcomercio.es\/reflexiones-de-belarmino\/2022\/09\/20\/china-reduce-el-8-de-co2-el-mayor-de-una-decada-ejemplo\/","title":{"rendered":"\u00a1\u00a1\u00a1\u00a1\u00a1CHINA REDUCE EL 8 % DE CO2, EL MAYOR DE UNA D\u00c9CADA. EJEMPLO !!!"},"content":{"rendered":"<p><b>Mientras\u00a0parec\u00eda que no se mov\u00eda\u00a0la lucha contra el Cambio Clim\u00e1tica China acaba de informar que ha logrado en 10 a\u00f1os reducir, como nunca, un 8 % de su emisi\u00f3n de Co2.<\/b><\/p>\n<!-- AddThis Advanced Settings generic via filter on the_content --><!-- AddThis Share Buttons generic via filter on the_content -->","protected":false},"excerpt":{"rendered":"<p>Mientras\u00a0parec\u00eda que no se mov\u00eda\u00a0la lucha contra el Cambio Clim\u00e1tica China acaba de informar que ha logrado en 10 a\u00f1os reducir, como nunca, un 8 % de su emisi\u00f3n de Co2.<!-- AddThis Advanced Settings generic via filter on get_the_excerpt --><!-- AddThis Share Buttons generic via filter on get_the_excerpt --><\/p>\n","protected":false},"author":16,"featured_media":0,"comment_status":"open","ping_status":"closed","sticky":false,"template":"","format":"standard","meta":[],"categories":[1],"tags":[],"_links":{"self":[{"href":"https:\/\/blogs.elcomercio.es\/reflexiones-de-belarmino\/wp-json\/wp\/v2\/posts\/25442"}],"collection":[{"href":"https:\/\/blogs.elcomercio.es\/reflexiones-de-belarmino\/wp-json\/wp\/v2\/posts"}],"about":[{"href":"https:\/\/blogs.elcomercio.es\/reflexiones-de-belarmino\/wp-json\/wp\/v2\/types\/post"}],"author":[{"embeddable":true,"href":"https:\/\/blogs.elcomercio.es\/reflexiones-de-belarmino\/wp-json\/wp\/v2\/users\/16"}],"replies":[{"embeddable":true,"href":"https:\/\/blogs.elcomercio.es\/reflexiones-de-belarmino\/wp-json\/wp\/v2\/comments?post=25442"}],"version-history":[{"count":1,"href":"https:\/\/blogs.elcomercio.es\/reflexiones-de-belarmino\/wp-json\/wp\/v2\/posts\/25442\/revisions"}],"predecessor-version":[{"id":25443,"href":"https:\/\/blogs.elcomercio.es\/reflexiones-de-belarmino\/wp-json\/wp\/v2\/posts\/25442\/revisions\/25443"}],"wp:attachment":[{"href":"https:\/\/blogs.elcomercio.es\/reflexiones-de-belarmino\/wp-json\/wp\/v2\/media?parent=25442"}],"wp:term":[{"taxonomy":"category","embeddable":true,"href":"https:\/\/blogs.elcomercio.es\/reflexiones-de-belarmino\/wp-json\/wp\/v2\/categories?post=25442"},{"taxonomy":"post_tag","embeddable":true,"href":"https:\/\/blogs.elcomercio.es\/reflexiones-de-belarmino\/wp-json\/wp\/v2\/tags?post=25442"}],"curies":[{"name":"wp","href":"https:\/\/api.w.org\/{rel}","templated":true}]}}