{"id":25444,"date":"2022-09-20T11:26:21","date_gmt":"2022-09-20T09:26:21","guid":{"rendered":"https:\/\/blogs.elcomercio.es\/reflexiones-de-belarmino\/?p=25444"},"modified":"2022-09-20T11:26:21","modified_gmt":"2022-09-20T09:26:21","slug":"ucrania-ataca-a-lopez-obrador-por-que-dice-que-su-acuerdo-de-paz-es-un-plan-ruso","status":"publish","type":"post","link":"https:\/\/blogs.elcomercio.es\/reflexiones-de-belarmino\/2022\/09\/20\/ucrania-ataca-a-lopez-obrador-por-que-dice-que-su-acuerdo-de-paz-es-un-plan-ruso\/","title":{"rendered":"\u00a1\u00a1\u00a1\u00a1\u00a1UCRANIA ATACA A LOPEZ OBRADOR POR QUE DICE QUE SU ACUERDO DE PAZ ES UN &#8220;PLAN RUSO&#8221;!!!"},"content":{"rendered":"<p><b>Como otros presidentes\u00a0en el mundo, L\u00f3pez Obrador el 16 de septiembre propuso un Plan de Paz,\u00a0 PARA PARAR LA GUERRA EN UCRANIA Y BUSCAR UNA TREGUA DE 5 A\u00d1OS PARA PONER EN ORDEN LOS PROBLEMAS MUNDIALES.<\/b><\/p>\n<p><b> Suger\u00eda que el Comit\u00e9 lo integrasen: Gutierres, Secretario General de la ONU, El Papa Francisco y Nerendra Modi, el primer ministro de India.<\/b><\/p>\n<p><strong>De inmediato, Ucrania lo acus\u00f3 de presentar un &#8220;plan Ruso&#8221;.<\/strong><\/p>\n<p><b>El Plan que presentar\u00e1 en la ONU, lo dio\u00a0a conocer\u00a0en el desfile militar del 16 de septiembre, el m\u00e1s importante del a\u00f1o.<\/b><\/p>\n<!-- AddThis Advanced Settings generic via filter on the_content --><!-- AddThis Share Buttons generic via filter on the_content -->","protected":false},"excerpt":{"rendered":"<p>Como otros presidentes\u00a0en el mundo, L\u00f3pez Obrador el 16 de septiembre propuso un Plan de Paz,\u00a0 PARA PARAR LA GUERRA EN UCRANIA Y BUSCAR UNA TREGUA DE 5 A\u00d1OS PARA PONER EN ORDEN LOS PROBLEMAS MUNDIALES. Suger\u00eda que el Comit\u00e9 lo integrasen: Gutierres, Secretario General de la ONU, El Papa Francisco y Nerendra Modi, el [&hellip;]<!-- AddThis Advanced Settings generic via filter on get_the_excerpt --><!-- AddThis Share Buttons generic via filter on get_the_excerpt --><\/p>\n","protected":false},"author":16,"featured_media":0,"comment_status":"open","ping_status":"closed","sticky":false,"template":"","format":"standard","meta":[],"categories":[1],"tags":[],"_links":{"self":[{"href":"https:\/\/blogs.elcomercio.es\/reflexiones-de-belarmino\/wp-json\/wp\/v2\/posts\/25444"}],"collection":[{"href":"https:\/\/blogs.elcomercio.es\/reflexiones-de-belarmino\/wp-json\/wp\/v2\/posts"}],"about":[{"href":"https:\/\/blogs.elcomercio.es\/reflexiones-de-belarmino\/wp-json\/wp\/v2\/types\/post"}],"author":[{"embeddable":true,"href":"https:\/\/blogs.elcomercio.es\/reflexiones-de-belarmino\/wp-json\/wp\/v2\/users\/16"}],"replies":[{"embeddable":true,"href":"https:\/\/blogs.elcomercio.es\/reflexiones-de-belarmino\/wp-json\/wp\/v2\/comments?post=25444"}],"version-history":[{"count":1,"href":"https:\/\/blogs.elcomercio.es\/reflexiones-de-belarmino\/wp-json\/wp\/v2\/posts\/25444\/revisions"}],"predecessor-version":[{"id":25445,"href":"https:\/\/blogs.elcomercio.es\/reflexiones-de-belarmino\/wp-json\/wp\/v2\/posts\/25444\/revisions\/25445"}],"wp:attachment":[{"href":"https:\/\/blogs.elcomercio.es\/reflexiones-de-belarmino\/wp-json\/wp\/v2\/media?parent=25444"}],"wp:term":[{"taxonomy":"category","embeddable":true,"href":"https:\/\/blogs.elcomercio.es\/reflexiones-de-belarmino\/wp-json\/wp\/v2\/categories?post=25444"},{"taxonomy":"post_tag","embeddable":true,"href":"https:\/\/blogs.elcomercio.es\/reflexiones-de-belarmino\/wp-json\/wp\/v2\/tags?post=25444"}],"curies":[{"name":"wp","href":"https:\/\/api.w.org\/{rel}","templated":true}]}}