{"id":25446,"date":"2022-09-20T13:33:29","date_gmt":"2022-09-20T11:33:29","guid":{"rendered":"https:\/\/blogs.elcomercio.es\/reflexiones-de-belarmino\/?p=25446"},"modified":"2022-09-20T13:33:29","modified_gmt":"2022-09-20T11:33:29","slug":"fuera-la-ficcion-las-primarias-de-gijon-un-ejemplo-deben-de-ser-en-toda-asturias-y-a-todos-los-niveles","status":"publish","type":"post","link":"https:\/\/blogs.elcomercio.es\/reflexiones-de-belarmino\/2022\/09\/20\/fuera-la-ficcion-las-primarias-de-gijon-un-ejemplo-deben-de-ser-en-toda-asturias-y-a-todos-los-niveles\/","title":{"rendered":"\u00a1\u00a1\u00a1\u00a1 FUERA LA FICCION.!!! LAS PRIMARIAS DE GIJ\u00d3N UN EJEMPLO, DEBEN DE SER EN TODA ASTURIAS Y A TODOS LOS NIVELES !!!"},"content":{"rendered":"<p><b>Mi felicitaci\u00f3n a &#8221; Monchu&#8221; por luchar por ello. Mi felicitaci\u00f3n a &#8220;Floro&#8221; que surgir\u00e1 de las primarias\u00a0en Gij\u00f3n. La ciudad, de nuevo\u00a0 es la gu\u00eda para el futuro. Primarias en toda Asturias, desde el Presidente de la Autonom\u00eda a todos los alcaldes\u00a0y diputados\u00a0 y senadores cara a mayo del 2023<\/b><\/p>\n<p><b> !!. FUERA FICCI\u00d3N!!., si no queremos que ganen las derechas .<\/b><\/p>\n<!-- AddThis Advanced Settings generic via filter on the_content --><!-- AddThis Share Buttons generic via filter on the_content -->","protected":false},"excerpt":{"rendered":"<p>Mi felicitaci\u00f3n a &#8221; Monchu&#8221; por luchar por ello. Mi felicitaci\u00f3n a &#8220;Floro&#8221; que surgir\u00e1 de las primarias\u00a0en Gij\u00f3n. La ciudad, de nuevo\u00a0 es la gu\u00eda para el futuro. Primarias en toda Asturias, desde el Presidente de la Autonom\u00eda a todos los alcaldes\u00a0y diputados\u00a0 y senadores cara a mayo del 2023 !!. FUERA FICCI\u00d3N!!., si [&hellip;]<!-- AddThis Advanced Settings generic via filter on get_the_excerpt --><!-- AddThis Share Buttons generic via filter on get_the_excerpt --><\/p>\n","protected":false},"author":16,"featured_media":0,"comment_status":"open","ping_status":"closed","sticky":false,"template":"","format":"standard","meta":[],"categories":[1],"tags":[],"_links":{"self":[{"href":"https:\/\/blogs.elcomercio.es\/reflexiones-de-belarmino\/wp-json\/wp\/v2\/posts\/25446"}],"collection":[{"href":"https:\/\/blogs.elcomercio.es\/reflexiones-de-belarmino\/wp-json\/wp\/v2\/posts"}],"about":[{"href":"https:\/\/blogs.elcomercio.es\/reflexiones-de-belarmino\/wp-json\/wp\/v2\/types\/post"}],"author":[{"embeddable":true,"href":"https:\/\/blogs.elcomercio.es\/reflexiones-de-belarmino\/wp-json\/wp\/v2\/users\/16"}],"replies":[{"embeddable":true,"href":"https:\/\/blogs.elcomercio.es\/reflexiones-de-belarmino\/wp-json\/wp\/v2\/comments?post=25446"}],"version-history":[{"count":4,"href":"https:\/\/blogs.elcomercio.es\/reflexiones-de-belarmino\/wp-json\/wp\/v2\/posts\/25446\/revisions"}],"predecessor-version":[{"id":25450,"href":"https:\/\/blogs.elcomercio.es\/reflexiones-de-belarmino\/wp-json\/wp\/v2\/posts\/25446\/revisions\/25450"}],"wp:attachment":[{"href":"https:\/\/blogs.elcomercio.es\/reflexiones-de-belarmino\/wp-json\/wp\/v2\/media?parent=25446"}],"wp:term":[{"taxonomy":"category","embeddable":true,"href":"https:\/\/blogs.elcomercio.es\/reflexiones-de-belarmino\/wp-json\/wp\/v2\/categories?post=25446"},{"taxonomy":"post_tag","embeddable":true,"href":"https:\/\/blogs.elcomercio.es\/reflexiones-de-belarmino\/wp-json\/wp\/v2\/tags?post=25446"}],"curies":[{"name":"wp","href":"https:\/\/api.w.org\/{rel}","templated":true}]}}