{"id":25453,"date":"2022-09-20T16:57:09","date_gmt":"2022-09-20T14:57:09","guid":{"rendered":"https:\/\/blogs.elcomercio.es\/reflexiones-de-belarmino\/?p=25453"},"modified":"2022-09-20T16:57:09","modified_gmt":"2022-09-20T14:57:09","slug":"23-y-27-de-septiembre-consulta-rusa-8-noviembre-elecciones-ee-uu-ahi-se-define-todo","status":"publish","type":"post","link":"https:\/\/blogs.elcomercio.es\/reflexiones-de-belarmino\/2022\/09\/20\/23-y-27-de-septiembre-consulta-rusa-8-noviembre-elecciones-ee-uu-ahi-se-define-todo\/","title":{"rendered":"\u00a1\u00a1\u00a1\u00a1\u00a1 23 Y 27 DE SEPTIEMBRE CONSULTA RUSA. 8 NOVIEMBRE ELECCIONES EE.UU. AH\u00cd SE DEFINE TODO !!!"},"content":{"rendered":"<p><b>Sabedor Biden de que la \u00fanica forma\u00a0de parar a Trump el 8 de noviembre\u00a0es un triunfo sobre Putin, y sabedor \u00e9ste, que su carta es el refer\u00e9ndum\u00a0que ha convocado entre el 23 y el 27 de septiembre en Lugansk, Donestk, Jerson y Zaporityia, en el marco todo de la Asamblea General de Naciones\u00a0Unidos,sabremos el desenlace de este proceso.<\/b><\/p>\n<p><b>Si Putin saca adelante la semana pr\u00f3xima los refer\u00e9ndums\u00a0en Donestk, Lugansk, Jerson y Zaporityia, nadie lo va a sacar de ah\u00ed, y la operaci\u00f3n especial para el habr\u00e1\u00a0terminado con un triunfo para \u00e9l, el pueblo ruso, se consolidar\u00e1 y ser\u00e1 un fuerte golpe a\u00a0 Estados Unidos y Occidente.<\/b><\/p>\n<p><strong>Si esto, la semana pr\u00f3xima ,Putin lo saca adelante, Biden no parar\u00e1 a Trump, y las negociaciones las buscar\u00e1 Rusia, sobre terrenos no s\u00f3lo ocupados sino legitimados, van a consolidar a Rusia y a Putin.<\/strong><\/p>\n<p><b>Erdog\u00e1n declar\u00f3 lo que declar\u00f3 esta semana para cubrirse, con el apoyo de China y la India, quiz\u00e1s como otro acuerdo m\u00e1s de Samarcanda..<\/b><\/p>\n<p><b>El as bajo la manga de Putin, lo usar\u00e1 la semana pr\u00f3xima.:los REFER\u00c9NDUMS.<\/b><\/p>\n<p>&nbsp;<\/p>\n<!-- AddThis Advanced Settings generic via filter on the_content --><!-- AddThis Share Buttons generic via filter on the_content -->","protected":false},"excerpt":{"rendered":"<p>Sabedor Biden de que la \u00fanica forma\u00a0de parar a Trump el 8 de noviembre\u00a0es un triunfo sobre Putin, y sabedor \u00e9ste, que su carta es el refer\u00e9ndum\u00a0que ha convocado entre el 23 y el 27 de septiembre en Lugansk, Donestk, Jerson y Zaporityia, en el marco todo de la Asamblea General de Naciones\u00a0Unidos,sabremos el desenlace [&hellip;]<!-- AddThis Advanced Settings generic via filter on get_the_excerpt --><!-- AddThis Share Buttons generic via filter on get_the_excerpt --><\/p>\n","protected":false},"author":16,"featured_media":0,"comment_status":"open","ping_status":"closed","sticky":false,"template":"","format":"standard","meta":[],"categories":[1],"tags":[],"_links":{"self":[{"href":"https:\/\/blogs.elcomercio.es\/reflexiones-de-belarmino\/wp-json\/wp\/v2\/posts\/25453"}],"collection":[{"href":"https:\/\/blogs.elcomercio.es\/reflexiones-de-belarmino\/wp-json\/wp\/v2\/posts"}],"about":[{"href":"https:\/\/blogs.elcomercio.es\/reflexiones-de-belarmino\/wp-json\/wp\/v2\/types\/post"}],"author":[{"embeddable":true,"href":"https:\/\/blogs.elcomercio.es\/reflexiones-de-belarmino\/wp-json\/wp\/v2\/users\/16"}],"replies":[{"embeddable":true,"href":"https:\/\/blogs.elcomercio.es\/reflexiones-de-belarmino\/wp-json\/wp\/v2\/comments?post=25453"}],"version-history":[{"count":1,"href":"https:\/\/blogs.elcomercio.es\/reflexiones-de-belarmino\/wp-json\/wp\/v2\/posts\/25453\/revisions"}],"predecessor-version":[{"id":25454,"href":"https:\/\/blogs.elcomercio.es\/reflexiones-de-belarmino\/wp-json\/wp\/v2\/posts\/25453\/revisions\/25454"}],"wp:attachment":[{"href":"https:\/\/blogs.elcomercio.es\/reflexiones-de-belarmino\/wp-json\/wp\/v2\/media?parent=25453"}],"wp:term":[{"taxonomy":"category","embeddable":true,"href":"https:\/\/blogs.elcomercio.es\/reflexiones-de-belarmino\/wp-json\/wp\/v2\/categories?post=25453"},{"taxonomy":"post_tag","embeddable":true,"href":"https:\/\/blogs.elcomercio.es\/reflexiones-de-belarmino\/wp-json\/wp\/v2\/tags?post=25453"}],"curies":[{"name":"wp","href":"https:\/\/api.w.org\/{rel}","templated":true}]}}