{"id":25455,"date":"2022-09-20T20:03:48","date_gmt":"2022-09-20T18:03:48","guid":{"rendered":"https:\/\/blogs.elcomercio.es\/reflexiones-de-belarmino\/?p=25455"},"modified":"2022-09-20T20:04:21","modified_gmt":"2022-09-20T18:04:21","slug":"el-presidente-de-alemania-con-20-personas-de-comitiva-estan-reunidos-en-palacio-nacional-con-el-presidente-y-secretarios-de-energia-y-economia","status":"publish","type":"post","link":"https:\/\/blogs.elcomercio.es\/reflexiones-de-belarmino\/2022\/09\/20\/el-presidente-de-alemania-con-20-personas-de-comitiva-estan-reunidos-en-palacio-nacional-con-el-presidente-y-secretarios-de-energia-y-economia\/","title":{"rendered":"\u00a1\u00a1\u00a1\u00a1EL PRESIDENTE DE ALEMANIA CON 20 PERSONAS DE COMITIVA, EST\u00c1N REUNIDOS EN PALACIO NACIONAL CON EL PRESIDENTE Y SECRETARIOS DE ENERG\u00cdA Y ECONOM\u00cdA !!!"},"content":{"rendered":"<p><strong>En estos\u00a0 momentos se ha realizado en Palacio Nacional la bienvenida\u00a0 al presidente de Alemania.La comitiva del presidente europeo es\u00a0 de 20 personas, ministros y empresarios. Por el lado mexicano, asisten el canciller, la secretaria de Econom\u00eda y la Secretaria de Finanzas, por lo que estimamos es que se hablar\u00e1 de energ\u00eda y de inversiones en M\u00e9xico.<\/strong><\/p>\n<!-- AddThis Advanced Settings generic via filter on the_content --><!-- AddThis Share Buttons generic via filter on the_content -->","protected":false},"excerpt":{"rendered":"<p>En estos\u00a0 momentos se ha realizado en Palacio Nacional la bienvenida\u00a0 al presidente de Alemania.La comitiva del presidente europeo es\u00a0 de 20 personas, ministros y empresarios. Por el lado mexicano, asisten el canciller, la secretaria de Econom\u00eda y la Secretaria de Finanzas, por lo que estimamos es que se hablar\u00e1 de energ\u00eda y de inversiones [&hellip;]<!-- AddThis Advanced Settings generic via filter on get_the_excerpt --><!-- AddThis Share Buttons generic via filter on get_the_excerpt --><\/p>\n","protected":false},"author":16,"featured_media":0,"comment_status":"open","ping_status":"closed","sticky":false,"template":"","format":"standard","meta":[],"categories":[1],"tags":[],"_links":{"self":[{"href":"https:\/\/blogs.elcomercio.es\/reflexiones-de-belarmino\/wp-json\/wp\/v2\/posts\/25455"}],"collection":[{"href":"https:\/\/blogs.elcomercio.es\/reflexiones-de-belarmino\/wp-json\/wp\/v2\/posts"}],"about":[{"href":"https:\/\/blogs.elcomercio.es\/reflexiones-de-belarmino\/wp-json\/wp\/v2\/types\/post"}],"author":[{"embeddable":true,"href":"https:\/\/blogs.elcomercio.es\/reflexiones-de-belarmino\/wp-json\/wp\/v2\/users\/16"}],"replies":[{"embeddable":true,"href":"https:\/\/blogs.elcomercio.es\/reflexiones-de-belarmino\/wp-json\/wp\/v2\/comments?post=25455"}],"version-history":[{"count":1,"href":"https:\/\/blogs.elcomercio.es\/reflexiones-de-belarmino\/wp-json\/wp\/v2\/posts\/25455\/revisions"}],"predecessor-version":[{"id":25456,"href":"https:\/\/blogs.elcomercio.es\/reflexiones-de-belarmino\/wp-json\/wp\/v2\/posts\/25455\/revisions\/25456"}],"wp:attachment":[{"href":"https:\/\/blogs.elcomercio.es\/reflexiones-de-belarmino\/wp-json\/wp\/v2\/media?parent=25455"}],"wp:term":[{"taxonomy":"category","embeddable":true,"href":"https:\/\/blogs.elcomercio.es\/reflexiones-de-belarmino\/wp-json\/wp\/v2\/categories?post=25455"},{"taxonomy":"post_tag","embeddable":true,"href":"https:\/\/blogs.elcomercio.es\/reflexiones-de-belarmino\/wp-json\/wp\/v2\/tags?post=25455"}],"curies":[{"name":"wp","href":"https:\/\/api.w.org\/{rel}","templated":true}]}}