{"id":25457,"date":"2022-09-20T20:24:45","date_gmt":"2022-09-20T18:24:45","guid":{"rendered":"https:\/\/blogs.elcomercio.es\/reflexiones-de-belarmino\/?p=25457"},"modified":"2022-09-20T20:24:45","modified_gmt":"2022-09-20T18:24:45","slug":"2-de-octubre-20-octubre-elecciones-brasil-encuestas-hoy-lula-43-4-bolsonaro-34-8","status":"publish","type":"post","link":"https:\/\/blogs.elcomercio.es\/reflexiones-de-belarmino\/2022\/09\/20\/2-de-octubre-20-octubre-elecciones-brasil-encuestas-hoy-lula-43-4-bolsonaro-34-8\/","title":{"rendered":"\u00a1\u00a1\u00a1\u00a1\u00a1\u00a1 2 DE OCTUBRE \/ 20 OCTUBRE, ELECCIONES BRASIL.ENCUESTAS HOY: LULA 43.4%- BOLSONARO 34% !!!!.8"},"content":{"rendered":"<p><b>Nos espera, en el mundo ,un octubre importante, ya para Europa, ya para Estados Unidos, ya para el pa\u00eds m\u00e1s poderoso de Am\u00e9rica Latina: Brasil(10 econom\u00eda\u00a0mundial, con 1.8 Billones).<\/b><\/p>\n<p><strong>Se define la pugna entre dos modelos de pa\u00eds. La del hombre de Trump, impulsado por los evangelistas, y el obrero Lula Da Silva, del Plan Panam\u00e1.<\/strong><\/p>\n<p><b>Las elecciones\u00a0 se dan all\u00ed\u00a0en dos vueltas. Las primeras el 2 de octubre y las segundas el 20 de octubre..<\/b><\/p>\n<p><strong>Por su importancia, hay un seguimiento en Brasil,con casi 300 millones de habitantes, casi diario.Las encuestas al d\u00eda de hoy, que permanecen desde hace un mes, dan a Lula la ventaja con 43.4% y a Bolsonaro con 34.8 %..<\/strong><\/p>\n<p><b>Siguiendo el ejemplo de Trump, Bolsonaro ha tratado de cuestionar los resultados, poniendo en duda el mas moderno m\u00e9todo\u00a0de elecci\u00f3n\u00a0totalmente digitalizado..<\/b><\/p>\n<p><b>Dado que, con total seguridad, la primera vuelta la ganaran ambos, ser\u00e1\u00a0hasta el 20 de octubre, de nuevo domingo.\u00a0<\/b><\/p>\n<p><strong>Es muy posible que Brasil, se incorpore a todos los presidentes nacionalistas que han ido surgiendo en cada elecci\u00f3n en Am\u00e9rica Latina en los \u00faltimos 3 a\u00f1os.<\/strong><\/p>\n<p>&nbsp;<\/p>\n<!-- AddThis Advanced Settings generic via filter on the_content --><!-- AddThis Share Buttons generic via filter on the_content -->","protected":false},"excerpt":{"rendered":"<p>Nos espera, en el mundo ,un octubre importante, ya para Europa, ya para Estados Unidos, ya para el pa\u00eds m\u00e1s poderoso de Am\u00e9rica Latina: Brasil(10 econom\u00eda\u00a0mundial, con 1.8 Billones). Se define la pugna entre dos modelos de pa\u00eds. La del hombre de Trump, impulsado por los evangelistas, y el obrero Lula Da Silva, del Plan [&hellip;]<!-- AddThis Advanced Settings generic via filter on get_the_excerpt --><!-- AddThis Share Buttons generic via filter on get_the_excerpt --><\/p>\n","protected":false},"author":16,"featured_media":0,"comment_status":"open","ping_status":"closed","sticky":false,"template":"","format":"standard","meta":[],"categories":[1],"tags":[],"_links":{"self":[{"href":"https:\/\/blogs.elcomercio.es\/reflexiones-de-belarmino\/wp-json\/wp\/v2\/posts\/25457"}],"collection":[{"href":"https:\/\/blogs.elcomercio.es\/reflexiones-de-belarmino\/wp-json\/wp\/v2\/posts"}],"about":[{"href":"https:\/\/blogs.elcomercio.es\/reflexiones-de-belarmino\/wp-json\/wp\/v2\/types\/post"}],"author":[{"embeddable":true,"href":"https:\/\/blogs.elcomercio.es\/reflexiones-de-belarmino\/wp-json\/wp\/v2\/users\/16"}],"replies":[{"embeddable":true,"href":"https:\/\/blogs.elcomercio.es\/reflexiones-de-belarmino\/wp-json\/wp\/v2\/comments?post=25457"}],"version-history":[{"count":1,"href":"https:\/\/blogs.elcomercio.es\/reflexiones-de-belarmino\/wp-json\/wp\/v2\/posts\/25457\/revisions"}],"predecessor-version":[{"id":25458,"href":"https:\/\/blogs.elcomercio.es\/reflexiones-de-belarmino\/wp-json\/wp\/v2\/posts\/25457\/revisions\/25458"}],"wp:attachment":[{"href":"https:\/\/blogs.elcomercio.es\/reflexiones-de-belarmino\/wp-json\/wp\/v2\/media?parent=25457"}],"wp:term":[{"taxonomy":"category","embeddable":true,"href":"https:\/\/blogs.elcomercio.es\/reflexiones-de-belarmino\/wp-json\/wp\/v2\/categories?post=25457"},{"taxonomy":"post_tag","embeddable":true,"href":"https:\/\/blogs.elcomercio.es\/reflexiones-de-belarmino\/wp-json\/wp\/v2\/tags?post=25457"}],"curies":[{"name":"wp","href":"https:\/\/api.w.org\/{rel}","templated":true}]}}