{"id":25459,"date":"2022-09-20T21:12:24","date_gmt":"2022-09-20T19:12:24","guid":{"rendered":"https:\/\/blogs.elcomercio.es\/reflexiones-de-belarmino\/?p=25459"},"modified":"2022-09-20T21:12:24","modified_gmt":"2022-09-20T19:12:24","slug":"la-negativa-rotunda-de-occidente-a-los-referendum-van-a-enquistar-el-problema-posible-discurso-a-la-nacion-de-putin","status":"publish","type":"post","link":"https:\/\/blogs.elcomercio.es\/reflexiones-de-belarmino\/2022\/09\/20\/la-negativa-rotunda-de-occidente-a-los-referendum-van-a-enquistar-el-problema-posible-discurso-a-la-nacion-de-putin\/","title":{"rendered":"\u00a1\u00a1\u00a1\u00a1LA NEGATIVA ROTUNDA DE OCCIDENTE A LOS REFER\u00c9NDUM VAN A ENQUISTAR EL PROBLEMA. POSIBLE  DISCURSO A LA NACI\u00d3N DE PUTIN !!!"},"content":{"rendered":"<p><b>Ante la negativa total de los paises de Occidente a los refer\u00e9ndum\u00a0anunciados por Rusia, en Lugansk, Donestk, Jerson y Zaporityia,\u00a0 el problema se va a enquistar. Hay informaci\u00f3n de que Putin\u00a0 har\u00e1 un comunicado\u00a0a la naci\u00f3n y poner en movimiento a la reserva nacional de su pa\u00eds que ser\u00eda una escalada en serio.<\/b><\/p>\n<p><strong>Esperemos a ma\u00f1ana.<\/strong><\/p>\n<!-- AddThis Advanced Settings generic via filter on the_content --><!-- AddThis Share Buttons generic via filter on the_content -->","protected":false},"excerpt":{"rendered":"<p>Ante la negativa total de los paises de Occidente a los refer\u00e9ndum\u00a0anunciados por Rusia, en Lugansk, Donestk, Jerson y Zaporityia,\u00a0 el problema se va a enquistar. Hay informaci\u00f3n de que Putin\u00a0 har\u00e1 un comunicado\u00a0a la naci\u00f3n y poner en movimiento a la reserva nacional de su pa\u00eds que ser\u00eda una escalada en serio. Esperemos a [&hellip;]<!-- AddThis Advanced Settings generic via filter on get_the_excerpt --><!-- AddThis Share Buttons generic via filter on get_the_excerpt --><\/p>\n","protected":false},"author":16,"featured_media":0,"comment_status":"open","ping_status":"closed","sticky":false,"template":"","format":"standard","meta":[],"categories":[1],"tags":[],"_links":{"self":[{"href":"https:\/\/blogs.elcomercio.es\/reflexiones-de-belarmino\/wp-json\/wp\/v2\/posts\/25459"}],"collection":[{"href":"https:\/\/blogs.elcomercio.es\/reflexiones-de-belarmino\/wp-json\/wp\/v2\/posts"}],"about":[{"href":"https:\/\/blogs.elcomercio.es\/reflexiones-de-belarmino\/wp-json\/wp\/v2\/types\/post"}],"author":[{"embeddable":true,"href":"https:\/\/blogs.elcomercio.es\/reflexiones-de-belarmino\/wp-json\/wp\/v2\/users\/16"}],"replies":[{"embeddable":true,"href":"https:\/\/blogs.elcomercio.es\/reflexiones-de-belarmino\/wp-json\/wp\/v2\/comments?post=25459"}],"version-history":[{"count":2,"href":"https:\/\/blogs.elcomercio.es\/reflexiones-de-belarmino\/wp-json\/wp\/v2\/posts\/25459\/revisions"}],"predecessor-version":[{"id":25461,"href":"https:\/\/blogs.elcomercio.es\/reflexiones-de-belarmino\/wp-json\/wp\/v2\/posts\/25459\/revisions\/25461"}],"wp:attachment":[{"href":"https:\/\/blogs.elcomercio.es\/reflexiones-de-belarmino\/wp-json\/wp\/v2\/media?parent=25459"}],"wp:term":[{"taxonomy":"category","embeddable":true,"href":"https:\/\/blogs.elcomercio.es\/reflexiones-de-belarmino\/wp-json\/wp\/v2\/categories?post=25459"},{"taxonomy":"post_tag","embeddable":true,"href":"https:\/\/blogs.elcomercio.es\/reflexiones-de-belarmino\/wp-json\/wp\/v2\/tags?post=25459"}],"curies":[{"name":"wp","href":"https:\/\/api.w.org\/{rel}","templated":true}]}}