{"id":25462,"date":"2022-09-21T09:12:23","date_gmt":"2022-09-21T07:12:23","guid":{"rendered":"https:\/\/blogs.elcomercio.es\/reflexiones-de-belarmino\/?p=25462"},"modified":"2022-09-21T09:12:23","modified_gmt":"2022-09-21T07:12:23","slug":"putin-en-cadena-nacional-llama-a-la-movilizacion-de-un-grupo-de-revistas-y-mantiene-los-referendum","status":"publish","type":"post","link":"https:\/\/blogs.elcomercio.es\/reflexiones-de-belarmino\/2022\/09\/21\/putin-en-cadena-nacional-llama-a-la-movilizacion-de-un-grupo-de-revistas-y-mantiene-los-referendum\/","title":{"rendered":"\u00a1\u00a1\u00a1\u00a1\u00a1PUTIN , EN CADENA NACIONAL, LLAMA A LA MOVILIZACI\u00d3N DE UN GRUPO DE REVISTAS Y MANTIENE LOS REFER\u00c9NDUM !!!"},"content":{"rendered":"<p><b>Hoy a las 8 de la ma\u00f1ana Vladimir Putin, en cadena nacional, en 14 minutos, ha llamado a la movilizaci\u00f3n a aquellos ciudadanos que tienen una experiencia militar especifica(movilizaci\u00f3n parcial), y ha confirmado\u00a0 \u00a0los refer\u00e9ndum\u00a0en Donestk, Luganks, Jerson y Zaporityia para que entre el 23 y 27 deciden si\u00a0 \u00a0forman parte de Rusia, o no.<\/b><\/p>\n<p><b>En el imaginario ruso, debemos recordar esos territorios mayoritariamente\u00a0parlantes rusos, son una parte del pa\u00eds, y est\u00e1 claro que Vladimir Putin, cada vez m\u00e1s cercado por los extremistas rusos que sienten que es una guerra de occidente con armas de 50 paises, contra ellos est\u00e1n exigiendo una guerra total contra Occidente.<\/b><\/p>\n<p><strong>Putin, ha sido, creemos, el moderador de ese sentimiento de la Madre de todas las Rusias.<\/strong><\/p>\n<p><b>Por supuesto Occidente no aceptan los refer\u00e9ndum\u00a0, pero Putin, si logra la mayor\u00eda, har\u00e1\u00a0que esta franja de la operaci\u00f3n\u00a0especial desde un principio, donde esos territorios est\u00e1n\u00a0en sus manos, as\u00ed quedar\u00e1n.<\/b><\/p>\n<p><b>Creo que estamos ante un escenario de hecho. Una cosa es liberar territorio ucraniano ocupado por los rusos y otra enfrentar\u00a0a toda Rusia, ya con esos territorios.<\/b><\/p>\n<p><b>Putin, ha sostenido que tienen armas nucleares\u00a0y &#8221; que esto no es bluff&#8221;.<\/b><\/p>\n<!-- AddThis Advanced Settings generic via filter on the_content --><!-- AddThis Share Buttons generic via filter on the_content -->","protected":false},"excerpt":{"rendered":"<p>Hoy a las 8 de la ma\u00f1ana Vladimir Putin, en cadena nacional, en 14 minutos, ha llamado a la movilizaci\u00f3n a aquellos ciudadanos que tienen una experiencia militar especifica(movilizaci\u00f3n parcial), y ha confirmado\u00a0 \u00a0los refer\u00e9ndum\u00a0en Donestk, Luganks, Jerson y Zaporityia para que entre el 23 y 27 deciden si\u00a0 \u00a0forman parte de Rusia, o no. [&hellip;]<!-- AddThis Advanced Settings generic via filter on get_the_excerpt --><!-- AddThis Share Buttons generic via filter on get_the_excerpt --><\/p>\n","protected":false},"author":16,"featured_media":0,"comment_status":"open","ping_status":"closed","sticky":false,"template":"","format":"standard","meta":[],"categories":[1],"tags":[],"_links":{"self":[{"href":"https:\/\/blogs.elcomercio.es\/reflexiones-de-belarmino\/wp-json\/wp\/v2\/posts\/25462"}],"collection":[{"href":"https:\/\/blogs.elcomercio.es\/reflexiones-de-belarmino\/wp-json\/wp\/v2\/posts"}],"about":[{"href":"https:\/\/blogs.elcomercio.es\/reflexiones-de-belarmino\/wp-json\/wp\/v2\/types\/post"}],"author":[{"embeddable":true,"href":"https:\/\/blogs.elcomercio.es\/reflexiones-de-belarmino\/wp-json\/wp\/v2\/users\/16"}],"replies":[{"embeddable":true,"href":"https:\/\/blogs.elcomercio.es\/reflexiones-de-belarmino\/wp-json\/wp\/v2\/comments?post=25462"}],"version-history":[{"count":1,"href":"https:\/\/blogs.elcomercio.es\/reflexiones-de-belarmino\/wp-json\/wp\/v2\/posts\/25462\/revisions"}],"predecessor-version":[{"id":25463,"href":"https:\/\/blogs.elcomercio.es\/reflexiones-de-belarmino\/wp-json\/wp\/v2\/posts\/25462\/revisions\/25463"}],"wp:attachment":[{"href":"https:\/\/blogs.elcomercio.es\/reflexiones-de-belarmino\/wp-json\/wp\/v2\/media?parent=25462"}],"wp:term":[{"taxonomy":"category","embeddable":true,"href":"https:\/\/blogs.elcomercio.es\/reflexiones-de-belarmino\/wp-json\/wp\/v2\/categories?post=25462"},{"taxonomy":"post_tag","embeddable":true,"href":"https:\/\/blogs.elcomercio.es\/reflexiones-de-belarmino\/wp-json\/wp\/v2\/tags?post=25462"}],"curies":[{"name":"wp","href":"https:\/\/api.w.org\/{rel}","templated":true}]}}