{"id":25464,"date":"2022-09-21T11:58:33","date_gmt":"2022-09-21T09:58:33","guid":{"rendered":"https:\/\/blogs.elcomercio.es\/reflexiones-de-belarmino\/?p=25464"},"modified":"2022-09-21T11:58:33","modified_gmt":"2022-09-21T09:58:33","slug":"de-la-movilizacion-general-de-zelensky-a-la-parcial-de-putin","status":"publish","type":"post","link":"https:\/\/blogs.elcomercio.es\/reflexiones-de-belarmino\/2022\/09\/21\/de-la-movilizacion-general-de-zelensky-a-la-parcial-de-putin\/","title":{"rendered":"\u00a1\u00a1\u00a1\u00a1 DE LA MOVILIZACI\u00d3N GENERAL DE ZELENSKY A LA PARCIAL DE PUTIN !!!!"},"content":{"rendered":"<p><b>Para poder entender la movilizaci\u00f3n anunciada hoy por Putin, necesitamos entender\u00a0la diferencia entre la que orden\u00f3 Zelensky en febrero, Movilizaci\u00f3n\u00a0Total de toda la poblaci\u00f3n, a la\u00a0 Movilizaci\u00f3n Parcial que decret\u00f3 hace unas horas Vladimir Putin.<\/b><\/p>\n<p><strong>La de Rusia, llama a filas &#8221; s\u00f3lo a aquellos que se encuentran actualmente en la reserva, as\u00ed como quienes tienen experiencia en combatir en determinadas funciones.&#8221;.<\/strong><\/p>\n<p><strong>Igual que en estos seis meses la ofensiva rusa se centr\u00f3 en el Este, la regi\u00f3n del Donbass y la del Sur, mantener Crimea y Jerson y Zaporityia, nunca fue, en nuestra opini\u00f3n, tras de\u00a0 Kiev, Jarkov y Odessa, ni el oeste de Ucrania, sobre la base del r\u00edo Dnieper..<\/strong><\/p>\n<p><strong>Por ello, entendemos que Rusia no se queda con Ucrania, ni \u00e9sta va a volver a sus fronteras .<\/strong><\/p>\n<p><b>En la historia entre Rusia y Ucrania desde el 986 que surge la Rus de Kiev(Rusia, Ucrania y Bielorrusia), ha habido tantos y tantos\u00a0 cambios. Hoy la mayor\u00eda del Donbas y del sur son mayoritariamente ruso parlantes, y en el Oeste son ucranio\u00a0parlantes.<\/b><\/p>\n<p><b>Se nos olvida pronto que todo surgi\u00f3\u00a0en nuestra opini\u00f3n en una acci\u00f3n de EE:UU motivando a Occidente(incluida la Commonwelth), para PARAR A TRUMP ANTES DEL 8 DE NOVIEMBRE.<\/b><\/p>\n<p><b>Ahora tenemos por delante lo que resta de septiembre,y octubre hasta el 8 de noviembre.<\/b><\/p>\n<p><strong>Biden tiene 48 d\u00edas por delante.<\/strong><\/p>\n<p><strong>Cosas, vamos a ver.<\/strong><\/p>\n<p>&nbsp;<\/p>\n<p>&nbsp;<\/p>\n<p>&nbsp;<\/p>\n<!-- AddThis Advanced Settings generic via filter on the_content --><!-- AddThis Share Buttons generic via filter on the_content -->","protected":false},"excerpt":{"rendered":"<p>Para poder entender la movilizaci\u00f3n anunciada hoy por Putin, necesitamos entender\u00a0la diferencia entre la que orden\u00f3 Zelensky en febrero, Movilizaci\u00f3n\u00a0Total de toda la poblaci\u00f3n, a la\u00a0 Movilizaci\u00f3n Parcial que decret\u00f3 hace unas horas Vladimir Putin. La de Rusia, llama a filas &#8221; s\u00f3lo a aquellos que se encuentran actualmente en la reserva, as\u00ed como quienes [&hellip;]<!-- AddThis Advanced Settings generic via filter on get_the_excerpt --><!-- AddThis Share Buttons generic via filter on get_the_excerpt --><\/p>\n","protected":false},"author":16,"featured_media":0,"comment_status":"open","ping_status":"closed","sticky":false,"template":"","format":"standard","meta":[],"categories":[1],"tags":[],"_links":{"self":[{"href":"https:\/\/blogs.elcomercio.es\/reflexiones-de-belarmino\/wp-json\/wp\/v2\/posts\/25464"}],"collection":[{"href":"https:\/\/blogs.elcomercio.es\/reflexiones-de-belarmino\/wp-json\/wp\/v2\/posts"}],"about":[{"href":"https:\/\/blogs.elcomercio.es\/reflexiones-de-belarmino\/wp-json\/wp\/v2\/types\/post"}],"author":[{"embeddable":true,"href":"https:\/\/blogs.elcomercio.es\/reflexiones-de-belarmino\/wp-json\/wp\/v2\/users\/16"}],"replies":[{"embeddable":true,"href":"https:\/\/blogs.elcomercio.es\/reflexiones-de-belarmino\/wp-json\/wp\/v2\/comments?post=25464"}],"version-history":[{"count":3,"href":"https:\/\/blogs.elcomercio.es\/reflexiones-de-belarmino\/wp-json\/wp\/v2\/posts\/25464\/revisions"}],"predecessor-version":[{"id":25467,"href":"https:\/\/blogs.elcomercio.es\/reflexiones-de-belarmino\/wp-json\/wp\/v2\/posts\/25464\/revisions\/25467"}],"wp:attachment":[{"href":"https:\/\/blogs.elcomercio.es\/reflexiones-de-belarmino\/wp-json\/wp\/v2\/media?parent=25464"}],"wp:term":[{"taxonomy":"category","embeddable":true,"href":"https:\/\/blogs.elcomercio.es\/reflexiones-de-belarmino\/wp-json\/wp\/v2\/categories?post=25464"},{"taxonomy":"post_tag","embeddable":true,"href":"https:\/\/blogs.elcomercio.es\/reflexiones-de-belarmino\/wp-json\/wp\/v2\/tags?post=25464"}],"curies":[{"name":"wp","href":"https:\/\/api.w.org\/{rel}","templated":true}]}}