{"id":25470,"date":"2022-09-21T12:30:06","date_gmt":"2022-09-21T10:30:06","guid":{"rendered":"https:\/\/blogs.elcomercio.es\/reflexiones-de-belarmino\/?p=25470"},"modified":"2022-09-21T12:30:06","modified_gmt":"2022-09-21T10:30:06","slug":"ayer-se-crearon-litio-mx-e-imss-bienestar","status":"publish","type":"post","link":"https:\/\/blogs.elcomercio.es\/reflexiones-de-belarmino\/2022\/09\/21\/ayer-se-crearon-litio-mx-e-imss-bienestar\/","title":{"rendered":"\u00a1\u00a1\u00a1\u00a1\u00a1AYER SE CREARON &#8220;LITIO Mx&#8221; E &#8220;IMSS- BIENESTAR&#8221;!!!!!!!!."},"content":{"rendered":"<p><b>La lucha de centenares de miles de mexicanos, ayer siguieron consolid\u00e1ndose\u00a0en\u00a0 esta Cuarta\u00a0Transformaci\u00f3n. Ayer se formaron dos empresas estatales: Litio Mx, la empresa del Estado que tiene el monopolio de la extracci\u00f3n, comercializaci\u00f3n y venta del Litio, por ser este mineral la base de las bater\u00edas electricas del futuro, pero tambi\u00e9n IMMS- BINESTAR.<\/b><\/p>\n<p><b>El gran sue\u00f1o, de un DERECHO A LA SALUD UNIVERSAL Y GRATUITO EN MEXICO, a va a materilizarse en un a\u00f1o a trav\u00e9s de esta Organizaci\u00f3n del Estado que garantiza a todas y todos los mexicanos\u00a0 que no est\u00e9n en la Seguridad Social TENER M\u00c9DICOS, HOSPITALES Y MEDICINAS GRATUITAS.<\/b><\/p>\n<p><strong>Para quienes dimos nuestra vida, modestamente, por el cambio en el pa\u00eds, el nuestro, que recibi\u00f3 a nuestros padres y abuelos, ESTA ES PARTE DE LA HERENCIA, junto CON EL NUEVO MEXICO, que le hemos dejado a nuestros hijos y nietos.<\/strong><\/p>\n<p><b>No era el dinero, eran los principios y la lucha la mejor herencia a nuestros\u00a0descendientes.<\/b><\/p>\n<p><strong>Nunca pens\u00e9 que L\u00f3pez Obrador, lo lograse pero est\u00e1 ya en movimiento inexorablemente. La ilusi\u00f3n de que hijas y nietas, tengan lo que yo tengo en Espa\u00f1a, va a ser una realidad.<\/strong><\/p>\n<p><strong>Esto no tiene precio.<\/strong><\/p>\n<p>&nbsp;<\/p>\n<p>&nbsp;<\/p>\n<!-- AddThis Advanced Settings generic via filter on the_content --><!-- AddThis Share Buttons generic via filter on the_content -->","protected":false},"excerpt":{"rendered":"<p>La lucha de centenares de miles de mexicanos, ayer siguieron consolid\u00e1ndose\u00a0en\u00a0 esta Cuarta\u00a0Transformaci\u00f3n. Ayer se formaron dos empresas estatales: Litio Mx, la empresa del Estado que tiene el monopolio de la extracci\u00f3n, comercializaci\u00f3n y venta del Litio, por ser este mineral la base de las bater\u00edas electricas del futuro, pero tambi\u00e9n IMMS- BINESTAR. El gran [&hellip;]<!-- AddThis Advanced Settings generic via filter on get_the_excerpt --><!-- AddThis Share Buttons generic via filter on get_the_excerpt --><\/p>\n","protected":false},"author":16,"featured_media":0,"comment_status":"open","ping_status":"closed","sticky":false,"template":"","format":"standard","meta":[],"categories":[1],"tags":[],"_links":{"self":[{"href":"https:\/\/blogs.elcomercio.es\/reflexiones-de-belarmino\/wp-json\/wp\/v2\/posts\/25470"}],"collection":[{"href":"https:\/\/blogs.elcomercio.es\/reflexiones-de-belarmino\/wp-json\/wp\/v2\/posts"}],"about":[{"href":"https:\/\/blogs.elcomercio.es\/reflexiones-de-belarmino\/wp-json\/wp\/v2\/types\/post"}],"author":[{"embeddable":true,"href":"https:\/\/blogs.elcomercio.es\/reflexiones-de-belarmino\/wp-json\/wp\/v2\/users\/16"}],"replies":[{"embeddable":true,"href":"https:\/\/blogs.elcomercio.es\/reflexiones-de-belarmino\/wp-json\/wp\/v2\/comments?post=25470"}],"version-history":[{"count":1,"href":"https:\/\/blogs.elcomercio.es\/reflexiones-de-belarmino\/wp-json\/wp\/v2\/posts\/25470\/revisions"}],"predecessor-version":[{"id":25471,"href":"https:\/\/blogs.elcomercio.es\/reflexiones-de-belarmino\/wp-json\/wp\/v2\/posts\/25470\/revisions\/25471"}],"wp:attachment":[{"href":"https:\/\/blogs.elcomercio.es\/reflexiones-de-belarmino\/wp-json\/wp\/v2\/media?parent=25470"}],"wp:term":[{"taxonomy":"category","embeddable":true,"href":"https:\/\/blogs.elcomercio.es\/reflexiones-de-belarmino\/wp-json\/wp\/v2\/categories?post=25470"},{"taxonomy":"post_tag","embeddable":true,"href":"https:\/\/blogs.elcomercio.es\/reflexiones-de-belarmino\/wp-json\/wp\/v2\/tags?post=25470"}],"curies":[{"name":"wp","href":"https:\/\/api.w.org\/{rel}","templated":true}]}}