{"id":25479,"date":"2022-09-21T16:47:33","date_gmt":"2022-09-21T14:47:33","guid":{"rendered":"https:\/\/blogs.elcomercio.es\/reflexiones-de-belarmino\/?p=25479"},"modified":"2022-09-21T16:47:33","modified_gmt":"2022-09-21T14:47:33","slug":"alemania-se-queda-con-el-99-de-iniper-al-nacionalizarla-asfixiada-por-el-proximo-invierno","status":"publish","type":"post","link":"https:\/\/blogs.elcomercio.es\/reflexiones-de-belarmino\/2022\/09\/21\/alemania-se-queda-con-el-99-de-iniper-al-nacionalizarla-asfixiada-por-el-proximo-invierno\/","title":{"rendered":"\u00a1\u00a1\u00a1\u00a1\u00a1\u00a1ALEMANIA SE QUEDA CON EL 99 % DE INIPER AL NACIONALIZARLA, ASFIXIADA POR EL PROXIMO INVIERNO !!!"},"content":{"rendered":"<p><b>Ayer cuando vimos al presidente de Alemania con su comitiva de 20 personas, escuchando los himnos en Palacio Nacional, cosa no muy corriente, y ver que los 6 Secretarios de Estado de M\u00e9xico, eran la de Energ\u00eda, la de Econom\u00eda\u00a0y el Secretario de Hacienda entendimos que la visita estaba relacionada con la energ\u00eda e inversiones alemanas.<\/b><\/p>\n<p><b>Hoy se inform\u00f3 que el gobierno alem\u00e1n\u00a0TIENE EL 99 % DE UNIPER, su mayor empresa energ\u00e9tica del pa\u00eds, que tuvieron\u00a0que nacionalizarla, cara al pr\u00f3ximo y temido invierno.<\/b><\/p>\n<!-- AddThis Advanced Settings generic via filter on the_content --><!-- AddThis Share Buttons generic via filter on the_content -->","protected":false},"excerpt":{"rendered":"<p>Ayer cuando vimos al presidente de Alemania con su comitiva de 20 personas, escuchando los himnos en Palacio Nacional, cosa no muy corriente, y ver que los 6 Secretarios de Estado de M\u00e9xico, eran la de Energ\u00eda, la de Econom\u00eda\u00a0y el Secretario de Hacienda entendimos que la visita estaba relacionada con la energ\u00eda e inversiones [&hellip;]<!-- AddThis Advanced Settings generic via filter on get_the_excerpt --><!-- AddThis Share Buttons generic via filter on get_the_excerpt --><\/p>\n","protected":false},"author":16,"featured_media":0,"comment_status":"open","ping_status":"closed","sticky":false,"template":"","format":"standard","meta":[],"categories":[1],"tags":[],"_links":{"self":[{"href":"https:\/\/blogs.elcomercio.es\/reflexiones-de-belarmino\/wp-json\/wp\/v2\/posts\/25479"}],"collection":[{"href":"https:\/\/blogs.elcomercio.es\/reflexiones-de-belarmino\/wp-json\/wp\/v2\/posts"}],"about":[{"href":"https:\/\/blogs.elcomercio.es\/reflexiones-de-belarmino\/wp-json\/wp\/v2\/types\/post"}],"author":[{"embeddable":true,"href":"https:\/\/blogs.elcomercio.es\/reflexiones-de-belarmino\/wp-json\/wp\/v2\/users\/16"}],"replies":[{"embeddable":true,"href":"https:\/\/blogs.elcomercio.es\/reflexiones-de-belarmino\/wp-json\/wp\/v2\/comments?post=25479"}],"version-history":[{"count":1,"href":"https:\/\/blogs.elcomercio.es\/reflexiones-de-belarmino\/wp-json\/wp\/v2\/posts\/25479\/revisions"}],"predecessor-version":[{"id":25480,"href":"https:\/\/blogs.elcomercio.es\/reflexiones-de-belarmino\/wp-json\/wp\/v2\/posts\/25479\/revisions\/25480"}],"wp:attachment":[{"href":"https:\/\/blogs.elcomercio.es\/reflexiones-de-belarmino\/wp-json\/wp\/v2\/media?parent=25479"}],"wp:term":[{"taxonomy":"category","embeddable":true,"href":"https:\/\/blogs.elcomercio.es\/reflexiones-de-belarmino\/wp-json\/wp\/v2\/categories?post=25479"},{"taxonomy":"post_tag","embeddable":true,"href":"https:\/\/blogs.elcomercio.es\/reflexiones-de-belarmino\/wp-json\/wp\/v2\/tags?post=25479"}],"curies":[{"name":"wp","href":"https:\/\/api.w.org\/{rel}","templated":true}]}}