{"id":25481,"date":"2022-09-21T16:52:09","date_gmt":"2022-09-21T14:52:09","guid":{"rendered":"https:\/\/blogs.elcomercio.es\/reflexiones-de-belarmino\/?p=25481"},"modified":"2022-09-21T16:52:09","modified_gmt":"2022-09-21T14:52:09","slug":"la-casi-inminente-llegada-al-gobierno-de-la-senora-meloni-la-seguidora-de-moussolini-inquieta-a-italia","status":"publish","type":"post","link":"https:\/\/blogs.elcomercio.es\/reflexiones-de-belarmino\/2022\/09\/21\/la-casi-inminente-llegada-al-gobierno-de-la-senora-meloni-la-seguidora-de-moussolini-inquieta-a-italia\/","title":{"rendered":"\u00a1\u00a1\u00a1\u00a1\u00a1LA CASI INMINENTE LLEGADA AL GOBIERNO DE LA SE\u00d1ORA MELONI, LA SEGUIDORA DE MOUSSOLINI, INQUIETA A ITALIA !!!"},"content":{"rendered":"<p><b>Hace unos d\u00edas, fue en Suecia donde llego la ultraderecha, pero es que este domingo ser\u00e1 nada menos que en ITALIA la llegada de la se\u00f1ora Meloni, no s\u00f3lo la lider de la extrema derecha, sino la seguidora paso a paso\u00a0y orgullosa de ellos de Benito Moussolini.<\/b><\/p>\n<p><strong>Nada menos&#8230;.<\/strong><\/p>\n<!-- AddThis Advanced Settings generic via filter on the_content --><!-- AddThis Share Buttons generic via filter on the_content -->","protected":false},"excerpt":{"rendered":"<p>Hace unos d\u00edas, fue en Suecia donde llego la ultraderecha, pero es que este domingo ser\u00e1 nada menos que en ITALIA la llegada de la se\u00f1ora Meloni, no s\u00f3lo la lider de la extrema derecha, sino la seguidora paso a paso\u00a0y orgullosa de ellos de Benito Moussolini. Nada menos&#8230;.<!-- AddThis Advanced Settings generic via filter on get_the_excerpt --><!-- AddThis Share Buttons generic via filter on get_the_excerpt --><\/p>\n","protected":false},"author":16,"featured_media":0,"comment_status":"open","ping_status":"closed","sticky":false,"template":"","format":"standard","meta":[],"categories":[1],"tags":[],"_links":{"self":[{"href":"https:\/\/blogs.elcomercio.es\/reflexiones-de-belarmino\/wp-json\/wp\/v2\/posts\/25481"}],"collection":[{"href":"https:\/\/blogs.elcomercio.es\/reflexiones-de-belarmino\/wp-json\/wp\/v2\/posts"}],"about":[{"href":"https:\/\/blogs.elcomercio.es\/reflexiones-de-belarmino\/wp-json\/wp\/v2\/types\/post"}],"author":[{"embeddable":true,"href":"https:\/\/blogs.elcomercio.es\/reflexiones-de-belarmino\/wp-json\/wp\/v2\/users\/16"}],"replies":[{"embeddable":true,"href":"https:\/\/blogs.elcomercio.es\/reflexiones-de-belarmino\/wp-json\/wp\/v2\/comments?post=25481"}],"version-history":[{"count":2,"href":"https:\/\/blogs.elcomercio.es\/reflexiones-de-belarmino\/wp-json\/wp\/v2\/posts\/25481\/revisions"}],"predecessor-version":[{"id":25483,"href":"https:\/\/blogs.elcomercio.es\/reflexiones-de-belarmino\/wp-json\/wp\/v2\/posts\/25481\/revisions\/25483"}],"wp:attachment":[{"href":"https:\/\/blogs.elcomercio.es\/reflexiones-de-belarmino\/wp-json\/wp\/v2\/media?parent=25481"}],"wp:term":[{"taxonomy":"category","embeddable":true,"href":"https:\/\/blogs.elcomercio.es\/reflexiones-de-belarmino\/wp-json\/wp\/v2\/categories?post=25481"},{"taxonomy":"post_tag","embeddable":true,"href":"https:\/\/blogs.elcomercio.es\/reflexiones-de-belarmino\/wp-json\/wp\/v2\/tags?post=25481"}],"curies":[{"name":"wp","href":"https:\/\/api.w.org\/{rel}","templated":true}]}}