{"id":25485,"date":"2022-09-21T18:23:25","date_gmt":"2022-09-21T16:23:25","guid":{"rendered":"https:\/\/blogs.elcomercio.es\/reflexiones-de-belarmino\/?p=25485"},"modified":"2022-09-21T18:23:25","modified_gmt":"2022-09-21T16:23:25","slug":"de-los-40-paises-de-la-oecd-mantuvieron-la-recaudacion-espana-primero-mexico-segundo","status":"publish","type":"post","link":"https:\/\/blogs.elcomercio.es\/reflexiones-de-belarmino\/2022\/09\/21\/de-los-40-paises-de-la-oecd-mantuvieron-la-recaudacion-espana-primero-mexico-segundo\/","title":{"rendered":"\u00a1\u00a1\u00a1\u00a1\u00a1DE LOS 40 PAISES DE LA OECD, MANTUVIERON LA RECAUDACI\u00d3N: ESPA\u00d1A, PRIMERO, MEXICO SEGUNDO !!!"},"content":{"rendered":"<p><b>La OECD que agrupa a las 40 econom\u00edas m\u00e1s\u00a0importantes del mundo, dio a conocer que en la pandemia el primera pais del mundo en aumentar la recaudaci\u00f3n fue Espa\u00f1a 1.9 %, el segundo M\u00e9xico 1.6 % y el tercero Islandia 1.0 %.<\/b><\/p>\n<p><strong>Informaci\u00f3n que acaba de hacer publica el presidente en su Ma\u00f1anera.<\/strong><\/p>\n<p><b>La lucha\u00a0 es con todo contra la inflaci\u00f3n, e inform\u00f3 que en M\u00e9xico la energ\u00e9tica\u00a0se resolvi\u00f3, pero la lucha es por los alimentos. Va a comer hoy con las dos grandes empresas del pa\u00eds que producen LA TORTILLA(Maseca y Minsa),, donde se han ofrecido las dos a NO\u00a0 aumentar la tortilla hasta el mes de febrero.<\/b><\/p>\n<p><b>El gobierno est\u00e1 regalando fertilizantes(por que hay en el pa\u00eds) a todos los campesinos para abaratar sus\u00a0gastos.<\/b><\/p>\n<p>&nbsp;<\/p>\n<p>&nbsp;<\/p>\n<!-- AddThis Advanced Settings generic via filter on the_content --><!-- AddThis Share Buttons generic via filter on the_content -->","protected":false},"excerpt":{"rendered":"<p>La OECD que agrupa a las 40 econom\u00edas m\u00e1s\u00a0importantes del mundo, dio a conocer que en la pandemia el primera pais del mundo en aumentar la recaudaci\u00f3n fue Espa\u00f1a 1.9 %, el segundo M\u00e9xico 1.6 % y el tercero Islandia 1.0 %. Informaci\u00f3n que acaba de hacer publica el presidente en su Ma\u00f1anera. La lucha\u00a0 [&hellip;]<!-- AddThis Advanced Settings generic via filter on get_the_excerpt --><!-- AddThis Share Buttons generic via filter on get_the_excerpt --><\/p>\n","protected":false},"author":16,"featured_media":0,"comment_status":"open","ping_status":"closed","sticky":false,"template":"","format":"standard","meta":[],"categories":[1],"tags":[],"_links":{"self":[{"href":"https:\/\/blogs.elcomercio.es\/reflexiones-de-belarmino\/wp-json\/wp\/v2\/posts\/25485"}],"collection":[{"href":"https:\/\/blogs.elcomercio.es\/reflexiones-de-belarmino\/wp-json\/wp\/v2\/posts"}],"about":[{"href":"https:\/\/blogs.elcomercio.es\/reflexiones-de-belarmino\/wp-json\/wp\/v2\/types\/post"}],"author":[{"embeddable":true,"href":"https:\/\/blogs.elcomercio.es\/reflexiones-de-belarmino\/wp-json\/wp\/v2\/users\/16"}],"replies":[{"embeddable":true,"href":"https:\/\/blogs.elcomercio.es\/reflexiones-de-belarmino\/wp-json\/wp\/v2\/comments?post=25485"}],"version-history":[{"count":1,"href":"https:\/\/blogs.elcomercio.es\/reflexiones-de-belarmino\/wp-json\/wp\/v2\/posts\/25485\/revisions"}],"predecessor-version":[{"id":25486,"href":"https:\/\/blogs.elcomercio.es\/reflexiones-de-belarmino\/wp-json\/wp\/v2\/posts\/25485\/revisions\/25486"}],"wp:attachment":[{"href":"https:\/\/blogs.elcomercio.es\/reflexiones-de-belarmino\/wp-json\/wp\/v2\/media?parent=25485"}],"wp:term":[{"taxonomy":"category","embeddable":true,"href":"https:\/\/blogs.elcomercio.es\/reflexiones-de-belarmino\/wp-json\/wp\/v2\/categories?post=25485"},{"taxonomy":"post_tag","embeddable":true,"href":"https:\/\/blogs.elcomercio.es\/reflexiones-de-belarmino\/wp-json\/wp\/v2\/tags?post=25485"}],"curies":[{"name":"wp","href":"https:\/\/api.w.org\/{rel}","templated":true}]}}