{"id":25491,"date":"2022-09-22T09:07:49","date_gmt":"2022-09-22T07:07:49","guid":{"rendered":"https:\/\/blogs.elcomercio.es\/reflexiones-de-belarmino\/?p=25491"},"modified":"2022-09-22T09:07:49","modified_gmt":"2022-09-22T07:07:49","slug":"no-habra-guerra-nuclear-negociacion-en-octubre-riesgo-la-recesion","status":"publish","type":"post","link":"https:\/\/blogs.elcomercio.es\/reflexiones-de-belarmino\/2022\/09\/22\/no-habra-guerra-nuclear-negociacion-en-octubre-riesgo-la-recesion\/","title":{"rendered":"\u00a1\u00a1\u00a1\u00a1NO HABR\u00c1 GUERRA NUCLEAR.- NEGOCIACI\u00d3N EN OCTUBRE.- RIESGO: LA RECESI\u00d3N !!!!"},"content":{"rendered":"<p><b>No habr\u00e1 ninguna guerra nuclear. El auge de la tensi\u00f3n llevar\u00e1 a un negociaci\u00f3n\u00a0que estimamos se llevar\u00e1 a cabo\u00a0en octubre, pero lo m\u00e1s preocupante es la econom\u00eda\u00a0y la posible recesi\u00f3n.<\/b><\/p>\n<!-- AddThis Advanced Settings generic via filter on the_content --><!-- AddThis Share Buttons generic via filter on the_content -->","protected":false},"excerpt":{"rendered":"<p>No habr\u00e1 ninguna guerra nuclear. El auge de la tensi\u00f3n llevar\u00e1 a un negociaci\u00f3n\u00a0que estimamos se llevar\u00e1 a cabo\u00a0en octubre, pero lo m\u00e1s preocupante es la econom\u00eda\u00a0y la posible recesi\u00f3n.<!-- AddThis Advanced Settings generic via filter on get_the_excerpt --><!-- AddThis Share Buttons generic via filter on get_the_excerpt --><\/p>\n","protected":false},"author":16,"featured_media":0,"comment_status":"open","ping_status":"closed","sticky":false,"template":"","format":"standard","meta":[],"categories":[1],"tags":[],"_links":{"self":[{"href":"https:\/\/blogs.elcomercio.es\/reflexiones-de-belarmino\/wp-json\/wp\/v2\/posts\/25491"}],"collection":[{"href":"https:\/\/blogs.elcomercio.es\/reflexiones-de-belarmino\/wp-json\/wp\/v2\/posts"}],"about":[{"href":"https:\/\/blogs.elcomercio.es\/reflexiones-de-belarmino\/wp-json\/wp\/v2\/types\/post"}],"author":[{"embeddable":true,"href":"https:\/\/blogs.elcomercio.es\/reflexiones-de-belarmino\/wp-json\/wp\/v2\/users\/16"}],"replies":[{"embeddable":true,"href":"https:\/\/blogs.elcomercio.es\/reflexiones-de-belarmino\/wp-json\/wp\/v2\/comments?post=25491"}],"version-history":[{"count":1,"href":"https:\/\/blogs.elcomercio.es\/reflexiones-de-belarmino\/wp-json\/wp\/v2\/posts\/25491\/revisions"}],"predecessor-version":[{"id":25492,"href":"https:\/\/blogs.elcomercio.es\/reflexiones-de-belarmino\/wp-json\/wp\/v2\/posts\/25491\/revisions\/25492"}],"wp:attachment":[{"href":"https:\/\/blogs.elcomercio.es\/reflexiones-de-belarmino\/wp-json\/wp\/v2\/media?parent=25491"}],"wp:term":[{"taxonomy":"category","embeddable":true,"href":"https:\/\/blogs.elcomercio.es\/reflexiones-de-belarmino\/wp-json\/wp\/v2\/categories?post=25491"},{"taxonomy":"post_tag","embeddable":true,"href":"https:\/\/blogs.elcomercio.es\/reflexiones-de-belarmino\/wp-json\/wp\/v2\/tags?post=25491"}],"curies":[{"name":"wp","href":"https:\/\/api.w.org\/{rel}","templated":true}]}}