{"id":25493,"date":"2022-09-22T09:13:58","date_gmt":"2022-09-22T07:13:58","guid":{"rendered":"https:\/\/blogs.elcomercio.es\/reflexiones-de-belarmino\/?p=25493"},"modified":"2022-09-22T09:13:58","modified_gmt":"2022-09-22T07:13:58","slug":"lesmes-plantea-renovar-el-constitucional-en-octubre-con-los-progresistas-y-los-conservadores-de-acuerdo","status":"publish","type":"post","link":"https:\/\/blogs.elcomercio.es\/reflexiones-de-belarmino\/2022\/09\/22\/lesmes-plantea-renovar-el-constitucional-en-octubre-con-los-progresistas-y-los-conservadores-de-acuerdo\/","title":{"rendered":"\u00a1\u00a1\u00a1\u00a1LESMES PLANTEA RENOVAR EL CONSTITUCIONAL EN OCTUBRE CON LOS PROGRESISTAS Y LOS  CONSERVADORES DE ACUERDO !!!"},"content":{"rendered":"<p><strong>Lesmes tom\u00f3 la decisi\u00f3n y piensa convocar al Constitucional para renovarlos con los progresistas y los conservadores que lo deseen. Lesmes contribuye as\u00ed, al principio de la renovaci\u00f3n del Poder Judicial, que el Partido Popular, mantiene, inconstitucionalmente, sin renovar desde hace 4 a\u00f1os.<\/strong><\/p>\n<p><strong>Que funcionen los tres poderes, primer objetivo de Espa\u00f1a.<\/strong><\/p>\n<!-- AddThis Advanced Settings generic via filter on the_content --><!-- AddThis Share Buttons generic via filter on the_content -->","protected":false},"excerpt":{"rendered":"<p>Lesmes tom\u00f3 la decisi\u00f3n y piensa convocar al Constitucional para renovarlos con los progresistas y los conservadores que lo deseen. Lesmes contribuye as\u00ed, al principio de la renovaci\u00f3n del Poder Judicial, que el Partido Popular, mantiene, inconstitucionalmente, sin renovar desde hace 4 a\u00f1os. Que funcionen los tres poderes, primer objetivo de Espa\u00f1a.<!-- AddThis Advanced Settings generic via filter on get_the_excerpt --><!-- AddThis Share Buttons generic via filter on get_the_excerpt --><\/p>\n","protected":false},"author":16,"featured_media":0,"comment_status":"open","ping_status":"closed","sticky":false,"template":"","format":"standard","meta":[],"categories":[1],"tags":[],"_links":{"self":[{"href":"https:\/\/blogs.elcomercio.es\/reflexiones-de-belarmino\/wp-json\/wp\/v2\/posts\/25493"}],"collection":[{"href":"https:\/\/blogs.elcomercio.es\/reflexiones-de-belarmino\/wp-json\/wp\/v2\/posts"}],"about":[{"href":"https:\/\/blogs.elcomercio.es\/reflexiones-de-belarmino\/wp-json\/wp\/v2\/types\/post"}],"author":[{"embeddable":true,"href":"https:\/\/blogs.elcomercio.es\/reflexiones-de-belarmino\/wp-json\/wp\/v2\/users\/16"}],"replies":[{"embeddable":true,"href":"https:\/\/blogs.elcomercio.es\/reflexiones-de-belarmino\/wp-json\/wp\/v2\/comments?post=25493"}],"version-history":[{"count":2,"href":"https:\/\/blogs.elcomercio.es\/reflexiones-de-belarmino\/wp-json\/wp\/v2\/posts\/25493\/revisions"}],"predecessor-version":[{"id":25495,"href":"https:\/\/blogs.elcomercio.es\/reflexiones-de-belarmino\/wp-json\/wp\/v2\/posts\/25493\/revisions\/25495"}],"wp:attachment":[{"href":"https:\/\/blogs.elcomercio.es\/reflexiones-de-belarmino\/wp-json\/wp\/v2\/media?parent=25493"}],"wp:term":[{"taxonomy":"category","embeddable":true,"href":"https:\/\/blogs.elcomercio.es\/reflexiones-de-belarmino\/wp-json\/wp\/v2\/categories?post=25493"},{"taxonomy":"post_tag","embeddable":true,"href":"https:\/\/blogs.elcomercio.es\/reflexiones-de-belarmino\/wp-json\/wp\/v2\/tags?post=25493"}],"curies":[{"name":"wp","href":"https:\/\/api.w.org\/{rel}","templated":true}]}}