{"id":25496,"date":"2022-09-22T09:19:49","date_gmt":"2022-09-22T07:19:49","guid":{"rendered":"https:\/\/blogs.elcomercio.es\/reflexiones-de-belarmino\/?p=25496"},"modified":"2022-09-22T09:19:49","modified_gmt":"2022-09-22T07:19:49","slug":"los-dirigentes-socialistas-no-salen-de-los-despachos-privados","status":"publish","type":"post","link":"https:\/\/blogs.elcomercio.es\/reflexiones-de-belarmino\/2022\/09\/22\/los-dirigentes-socialistas-no-salen-de-los-despachos-privados\/","title":{"rendered":"\u00a1\u00a1\u00a1\u00a1LOS DIRIGENTES SOCIALISTAS NO SALEN DE LOS DESPACHOS PRIVADOS!!!!"},"content":{"rendered":"<p><b>En Gij\u00f3n hay dos candidatos, que desconozco, para las primarias. La primera un compa\u00f1ero socialista, sencillo y ahora una abogada que viene de los despachos privados, que env\u00eda\u00a0su curricular\u00a0v\u00eda\u00a0digital..<\/b><\/p>\n<p><b>Me sorprender\u00eda que optasen los 1,200 por la opci\u00f3n\u00a0privada.<\/b><\/p>\n<p><strong>Pero , para eso son las primarias.<\/strong><\/p>\n<p>&nbsp;<\/p>\n<!-- AddThis Advanced Settings generic via filter on the_content --><!-- AddThis Share Buttons generic via filter on the_content -->","protected":false},"excerpt":{"rendered":"<p>En Gij\u00f3n hay dos candidatos, que desconozco, para las primarias. La primera un compa\u00f1ero socialista, sencillo y ahora una abogada que viene de los despachos privados, que env\u00eda\u00a0su curricular\u00a0v\u00eda\u00a0digital.. Me sorprender\u00eda que optasen los 1,200 por la opci\u00f3n\u00a0privada. Pero , para eso son las primarias. &nbsp;<!-- AddThis Advanced Settings generic via filter on get_the_excerpt --><!-- AddThis Share Buttons generic via filter on get_the_excerpt --><\/p>\n","protected":false},"author":16,"featured_media":0,"comment_status":"open","ping_status":"closed","sticky":false,"template":"","format":"standard","meta":[],"categories":[1],"tags":[],"_links":{"self":[{"href":"https:\/\/blogs.elcomercio.es\/reflexiones-de-belarmino\/wp-json\/wp\/v2\/posts\/25496"}],"collection":[{"href":"https:\/\/blogs.elcomercio.es\/reflexiones-de-belarmino\/wp-json\/wp\/v2\/posts"}],"about":[{"href":"https:\/\/blogs.elcomercio.es\/reflexiones-de-belarmino\/wp-json\/wp\/v2\/types\/post"}],"author":[{"embeddable":true,"href":"https:\/\/blogs.elcomercio.es\/reflexiones-de-belarmino\/wp-json\/wp\/v2\/users\/16"}],"replies":[{"embeddable":true,"href":"https:\/\/blogs.elcomercio.es\/reflexiones-de-belarmino\/wp-json\/wp\/v2\/comments?post=25496"}],"version-history":[{"count":1,"href":"https:\/\/blogs.elcomercio.es\/reflexiones-de-belarmino\/wp-json\/wp\/v2\/posts\/25496\/revisions"}],"predecessor-version":[{"id":25497,"href":"https:\/\/blogs.elcomercio.es\/reflexiones-de-belarmino\/wp-json\/wp\/v2\/posts\/25496\/revisions\/25497"}],"wp:attachment":[{"href":"https:\/\/blogs.elcomercio.es\/reflexiones-de-belarmino\/wp-json\/wp\/v2\/media?parent=25496"}],"wp:term":[{"taxonomy":"category","embeddable":true,"href":"https:\/\/blogs.elcomercio.es\/reflexiones-de-belarmino\/wp-json\/wp\/v2\/categories?post=25496"},{"taxonomy":"post_tag","embeddable":true,"href":"https:\/\/blogs.elcomercio.es\/reflexiones-de-belarmino\/wp-json\/wp\/v2\/tags?post=25496"}],"curies":[{"name":"wp","href":"https:\/\/api.w.org\/{rel}","templated":true}]}}