{"id":25498,"date":"2022-09-22T09:23:54","date_gmt":"2022-09-22T07:23:54","guid":{"rendered":"https:\/\/blogs.elcomercio.es\/reflexiones-de-belarmino\/?p=25498"},"modified":"2022-09-22T09:23:54","modified_gmt":"2022-09-22T07:23:54","slug":"la-reserva-federal-subre-0-75-y-lleva-a-3-00-el-costo-del-dinero-y-aviso-que-antes-de-diciembre-mas","status":"publish","type":"post","link":"https:\/\/blogs.elcomercio.es\/reflexiones-de-belarmino\/2022\/09\/22\/la-reserva-federal-subre-0-75-y-lleva-a-3-00-el-costo-del-dinero-y-aviso-que-antes-de-diciembre-mas\/","title":{"rendered":"\u00a1\u00a1\u00a1\u00a1\u00a1 LA RESERVA FEDERAL SUBRE 0.75 Y LLEVA A 3.00 EL COSTO DEL DINERO Y AVISO QUE ANTES DE DICIEMBRE MAS !!!"},"content":{"rendered":"<p><strong>Tal es el miedo a la inflaci\u00f3n que la Reserva Federal de los Estados Unidos elev\u00f3 ayer 0.75, el costo del dinero a 3.00 %, y avis\u00f3 que antes de diciembre habr\u00e1 m\u00e1s.<\/strong><\/p>\n<p><b>&#8220;Medida dolorosa&#8221; se\u00f1al\u00f3, &#8220;pero mas lo es la inflaci\u00f3n\u00a0&#8220;.<\/b><\/p>\n<!-- AddThis Advanced Settings generic via filter on the_content --><!-- AddThis Share Buttons generic via filter on the_content -->","protected":false},"excerpt":{"rendered":"<p>Tal es el miedo a la inflaci\u00f3n que la Reserva Federal de los Estados Unidos elev\u00f3 ayer 0.75, el costo del dinero a 3.00 %, y avis\u00f3 que antes de diciembre habr\u00e1 m\u00e1s. &#8220;Medida dolorosa&#8221; se\u00f1al\u00f3, &#8220;pero mas lo es la inflaci\u00f3n\u00a0&#8220;.<!-- AddThis Advanced Settings generic via filter on get_the_excerpt --><!-- AddThis Share Buttons generic via filter on get_the_excerpt --><\/p>\n","protected":false},"author":16,"featured_media":0,"comment_status":"open","ping_status":"closed","sticky":false,"template":"","format":"standard","meta":[],"categories":[1],"tags":[],"_links":{"self":[{"href":"https:\/\/blogs.elcomercio.es\/reflexiones-de-belarmino\/wp-json\/wp\/v2\/posts\/25498"}],"collection":[{"href":"https:\/\/blogs.elcomercio.es\/reflexiones-de-belarmino\/wp-json\/wp\/v2\/posts"}],"about":[{"href":"https:\/\/blogs.elcomercio.es\/reflexiones-de-belarmino\/wp-json\/wp\/v2\/types\/post"}],"author":[{"embeddable":true,"href":"https:\/\/blogs.elcomercio.es\/reflexiones-de-belarmino\/wp-json\/wp\/v2\/users\/16"}],"replies":[{"embeddable":true,"href":"https:\/\/blogs.elcomercio.es\/reflexiones-de-belarmino\/wp-json\/wp\/v2\/comments?post=25498"}],"version-history":[{"count":1,"href":"https:\/\/blogs.elcomercio.es\/reflexiones-de-belarmino\/wp-json\/wp\/v2\/posts\/25498\/revisions"}],"predecessor-version":[{"id":25499,"href":"https:\/\/blogs.elcomercio.es\/reflexiones-de-belarmino\/wp-json\/wp\/v2\/posts\/25498\/revisions\/25499"}],"wp:attachment":[{"href":"https:\/\/blogs.elcomercio.es\/reflexiones-de-belarmino\/wp-json\/wp\/v2\/media?parent=25498"}],"wp:term":[{"taxonomy":"category","embeddable":true,"href":"https:\/\/blogs.elcomercio.es\/reflexiones-de-belarmino\/wp-json\/wp\/v2\/categories?post=25498"},{"taxonomy":"post_tag","embeddable":true,"href":"https:\/\/blogs.elcomercio.es\/reflexiones-de-belarmino\/wp-json\/wp\/v2\/tags?post=25498"}],"curies":[{"name":"wp","href":"https:\/\/api.w.org\/{rel}","templated":true}]}}