{"id":25502,"date":"2022-09-22T10:55:55","date_gmt":"2022-09-22T08:55:55","guid":{"rendered":"https:\/\/blogs.elcomercio.es\/reflexiones-de-belarmino\/?p=25502"},"modified":"2022-09-22T10:55:55","modified_gmt":"2022-09-22T08:55:55","slug":"reunion-ayer-de-lopez-obrador-con-las-grandes-superficies-para-mantener-la-canasta-basica","status":"publish","type":"post","link":"https:\/\/blogs.elcomercio.es\/reflexiones-de-belarmino\/2022\/09\/22\/reunion-ayer-de-lopez-obrador-con-las-grandes-superficies-para-mantener-la-canasta-basica\/","title":{"rendered":"\u00a1\u00a1\u00a1\u00a1REUNION AYER DE LOPEZ OBRADOR CON LAS GRANDES SUPERFICIES PARA MANTENER LA CANASTA B\u00c1SICA !!!"},"content":{"rendered":"<p><strong>Ayer en La Ma\u00f1anera, el presidente hab\u00eda informado que comer\u00eda con los dos grandes productoras de la TORTILLA el elemento b\u00e1sico del pueblo mexicano, que no subir\u00e1 hasta febrero.<\/strong><\/p>\n<p><b>Pero, en la tarde se reuni\u00f3 con los grandes\u00a0empresarios de las mayores superficies(supermercados en M\u00e9xico) Wall Mart(la mas grande y norteamericana), Soriana ay Chedraui, para cuidar que la canasta b\u00e1sica\u00a0de los 24 productos no suba.<\/b><\/p>\n<p><b>Mientras marchan todos los proyectos, su principal preocupaci\u00f3n es la Inflaci\u00f3n, Resuelto el problema de la energ\u00eda\u00a0por que gas y electricdad son del estado, el esfuerzo est\u00e1 en los alimentos. Ayer se volvieron a reunir en Palacio para que en una acci\u00f3n conjunta se defienda que no suban los 24 alimentos de la Canasta B\u00e1sica.<\/b><\/p>\n<p><b>Ni cambios de leyes, ni romper la cadena alimenticia ES QUE ALL\u00cd\u00a0VAN EN EL MISMO BARCO GOBIERNO Y GRANDES EMPRESARIOS.<\/b><\/p>\n<p><b>La Deuda\u00a0externa en M\u00e9xico es del 0.49 del PIB, mientras en Espa\u00f1a es de 1.114, con casi similares PIB(Espa\u00f1a el 14o. 1.5 B, y M\u00e9xico el 15o con 1.4 B,) pero dado que la poblaci\u00f3n espa\u00f1ola es tres veces menor, los espa\u00f1oles son 3 veces m\u00e1s ricos que los mexicanos.<\/b><\/p>\n<p>&nbsp;<\/p>\n<p>&nbsp;<\/p>\n<!-- AddThis Advanced Settings generic via filter on the_content --><!-- AddThis Share Buttons generic via filter on the_content -->","protected":false},"excerpt":{"rendered":"<p>Ayer en La Ma\u00f1anera, el presidente hab\u00eda informado que comer\u00eda con los dos grandes productoras de la TORTILLA el elemento b\u00e1sico del pueblo mexicano, que no subir\u00e1 hasta febrero. Pero, en la tarde se reuni\u00f3 con los grandes\u00a0empresarios de las mayores superficies(supermercados en M\u00e9xico) Wall Mart(la mas grande y norteamericana), Soriana ay Chedraui, para cuidar [&hellip;]<!-- AddThis Advanced Settings generic via filter on get_the_excerpt --><!-- AddThis Share Buttons generic via filter on get_the_excerpt --><\/p>\n","protected":false},"author":16,"featured_media":0,"comment_status":"open","ping_status":"closed","sticky":false,"template":"","format":"standard","meta":[],"categories":[1],"tags":[],"_links":{"self":[{"href":"https:\/\/blogs.elcomercio.es\/reflexiones-de-belarmino\/wp-json\/wp\/v2\/posts\/25502"}],"collection":[{"href":"https:\/\/blogs.elcomercio.es\/reflexiones-de-belarmino\/wp-json\/wp\/v2\/posts"}],"about":[{"href":"https:\/\/blogs.elcomercio.es\/reflexiones-de-belarmino\/wp-json\/wp\/v2\/types\/post"}],"author":[{"embeddable":true,"href":"https:\/\/blogs.elcomercio.es\/reflexiones-de-belarmino\/wp-json\/wp\/v2\/users\/16"}],"replies":[{"embeddable":true,"href":"https:\/\/blogs.elcomercio.es\/reflexiones-de-belarmino\/wp-json\/wp\/v2\/comments?post=25502"}],"version-history":[{"count":2,"href":"https:\/\/blogs.elcomercio.es\/reflexiones-de-belarmino\/wp-json\/wp\/v2\/posts\/25502\/revisions"}],"predecessor-version":[{"id":25504,"href":"https:\/\/blogs.elcomercio.es\/reflexiones-de-belarmino\/wp-json\/wp\/v2\/posts\/25502\/revisions\/25504"}],"wp:attachment":[{"href":"https:\/\/blogs.elcomercio.es\/reflexiones-de-belarmino\/wp-json\/wp\/v2\/media?parent=25502"}],"wp:term":[{"taxonomy":"category","embeddable":true,"href":"https:\/\/blogs.elcomercio.es\/reflexiones-de-belarmino\/wp-json\/wp\/v2\/categories?post=25502"},{"taxonomy":"post_tag","embeddable":true,"href":"https:\/\/blogs.elcomercio.es\/reflexiones-de-belarmino\/wp-json\/wp\/v2\/tags?post=25502"}],"curies":[{"name":"wp","href":"https:\/\/api.w.org\/{rel}","templated":true}]}}