{"id":25505,"date":"2022-09-22T11:06:47","date_gmt":"2022-09-22T09:06:47","guid":{"rendered":"https:\/\/blogs.elcomercio.es\/reflexiones-de-belarmino\/?p=25505"},"modified":"2022-09-22T11:06:47","modified_gmt":"2022-09-22T09:06:47","slug":"por-primera-vez-un-general-rodriguez-perez-va-a-la-carcel-por-asesinato-43-de-ayotzinapa-el-operadaor-en-israel","status":"publish","type":"post","link":"https:\/\/blogs.elcomercio.es\/reflexiones-de-belarmino\/2022\/09\/22\/por-primera-vez-un-general-rodriguez-perez-va-a-la-carcel-por-asesinato-43-de-ayotzinapa-el-operadaor-en-israel\/","title":{"rendered":"\u00a1\u00a1POR PRIMERA VEZ, UN GENERAL, RODRIGUEZ PEREZ VA A LA C\u00c1RCEL POR ASESINATO 43 DE AYOTZINAPA.EL OPERADAOR EN ISRAEL !!!"},"content":{"rendered":"<p><strong>Ayer d\u00eda hist\u00f3rico en M\u00e9xico un General es acusado de crimen organizado y ser el responsable de la desaparici\u00f3n de los 43 estudiantes de Ayotzinapa.<\/strong><\/p>\n<p><b>El autor intelectual y principal operador Tom\u00e1s Zeron, oculto en Israel. M\u00e9xico pide su extradicci\u00f3n, pero en Israel no la hay. Ayer el embajador de Tel Aviv, al ver hasta\u00a0donde lleg\u00f3 el gobierno, dijo que Israel estudia el caso.<\/b><\/p>\n<p><strong>Primera ocasi\u00f3n que los padres de los 43, muestran que se abre la justicia. 10 a\u00f1os luchando.<\/strong><\/p>\n<p>&nbsp;<\/p>\n<!-- AddThis Advanced Settings generic via filter on the_content --><!-- AddThis Share Buttons generic via filter on the_content -->","protected":false},"excerpt":{"rendered":"<p>Ayer d\u00eda hist\u00f3rico en M\u00e9xico un General es acusado de crimen organizado y ser el responsable de la desaparici\u00f3n de los 43 estudiantes de Ayotzinapa. El autor intelectual y principal operador Tom\u00e1s Zeron, oculto en Israel. M\u00e9xico pide su extradicci\u00f3n, pero en Israel no la hay. Ayer el embajador de Tel Aviv, al ver hasta\u00a0donde [&hellip;]<!-- AddThis Advanced Settings generic via filter on get_the_excerpt --><!-- AddThis Share Buttons generic via filter on get_the_excerpt --><\/p>\n","protected":false},"author":16,"featured_media":0,"comment_status":"open","ping_status":"closed","sticky":false,"template":"","format":"standard","meta":[],"categories":[1],"tags":[],"_links":{"self":[{"href":"https:\/\/blogs.elcomercio.es\/reflexiones-de-belarmino\/wp-json\/wp\/v2\/posts\/25505"}],"collection":[{"href":"https:\/\/blogs.elcomercio.es\/reflexiones-de-belarmino\/wp-json\/wp\/v2\/posts"}],"about":[{"href":"https:\/\/blogs.elcomercio.es\/reflexiones-de-belarmino\/wp-json\/wp\/v2\/types\/post"}],"author":[{"embeddable":true,"href":"https:\/\/blogs.elcomercio.es\/reflexiones-de-belarmino\/wp-json\/wp\/v2\/users\/16"}],"replies":[{"embeddable":true,"href":"https:\/\/blogs.elcomercio.es\/reflexiones-de-belarmino\/wp-json\/wp\/v2\/comments?post=25505"}],"version-history":[{"count":1,"href":"https:\/\/blogs.elcomercio.es\/reflexiones-de-belarmino\/wp-json\/wp\/v2\/posts\/25505\/revisions"}],"predecessor-version":[{"id":25506,"href":"https:\/\/blogs.elcomercio.es\/reflexiones-de-belarmino\/wp-json\/wp\/v2\/posts\/25505\/revisions\/25506"}],"wp:attachment":[{"href":"https:\/\/blogs.elcomercio.es\/reflexiones-de-belarmino\/wp-json\/wp\/v2\/media?parent=25505"}],"wp:term":[{"taxonomy":"category","embeddable":true,"href":"https:\/\/blogs.elcomercio.es\/reflexiones-de-belarmino\/wp-json\/wp\/v2\/categories?post=25505"},{"taxonomy":"post_tag","embeddable":true,"href":"https:\/\/blogs.elcomercio.es\/reflexiones-de-belarmino\/wp-json\/wp\/v2\/tags?post=25505"}],"curies":[{"name":"wp","href":"https:\/\/api.w.org\/{rel}","templated":true}]}}