{"id":25507,"date":"2022-09-22T14:16:11","date_gmt":"2022-09-22T12:16:11","guid":{"rendered":"https:\/\/blogs.elcomercio.es\/reflexiones-de-belarmino\/?p=25507"},"modified":"2022-09-22T14:16:11","modified_gmt":"2022-09-22T12:16:11","slug":"alejandropolis-clave-para-estados-unidos-y-rusia","status":"publish","type":"post","link":"https:\/\/blogs.elcomercio.es\/reflexiones-de-belarmino\/2022\/09\/22\/alejandropolis-clave-para-estados-unidos-y-rusia\/","title":{"rendered":"\u00a1\u00a1\u00a1\u00a1\u00a1\u00a1ALEJANDROPOLIS, CLAVE, PARA ESTADOS UNIDOS Y RUSIA!!!"},"content":{"rendered":"<p><b>Este punto de Grecia, en la entrada de los Dardanellos, a su vez entrada al Mar Negro, se encuentra\u00a0ALEJANDROPOLIS. La semana pr\u00f3xima se decide quien la usar\u00e1: EE:UU o Rusia.Se ha vuelto estrat\u00e9gica para ambos paises y m\u00e1s en este momento.<\/b><\/p>\n<!-- AddThis Advanced Settings generic via filter on the_content --><!-- AddThis Share Buttons generic via filter on the_content -->","protected":false},"excerpt":{"rendered":"<p>Este punto de Grecia, en la entrada de los Dardanellos, a su vez entrada al Mar Negro, se encuentra\u00a0ALEJANDROPOLIS. La semana pr\u00f3xima se decide quien la usar\u00e1: EE:UU o Rusia.Se ha vuelto estrat\u00e9gica para ambos paises y m\u00e1s en este momento.<!-- AddThis Advanced Settings generic via filter on get_the_excerpt --><!-- AddThis Share Buttons generic via filter on get_the_excerpt --><\/p>\n","protected":false},"author":16,"featured_media":0,"comment_status":"open","ping_status":"closed","sticky":false,"template":"","format":"standard","meta":[],"categories":[1],"tags":[],"_links":{"self":[{"href":"https:\/\/blogs.elcomercio.es\/reflexiones-de-belarmino\/wp-json\/wp\/v2\/posts\/25507"}],"collection":[{"href":"https:\/\/blogs.elcomercio.es\/reflexiones-de-belarmino\/wp-json\/wp\/v2\/posts"}],"about":[{"href":"https:\/\/blogs.elcomercio.es\/reflexiones-de-belarmino\/wp-json\/wp\/v2\/types\/post"}],"author":[{"embeddable":true,"href":"https:\/\/blogs.elcomercio.es\/reflexiones-de-belarmino\/wp-json\/wp\/v2\/users\/16"}],"replies":[{"embeddable":true,"href":"https:\/\/blogs.elcomercio.es\/reflexiones-de-belarmino\/wp-json\/wp\/v2\/comments?post=25507"}],"version-history":[{"count":1,"href":"https:\/\/blogs.elcomercio.es\/reflexiones-de-belarmino\/wp-json\/wp\/v2\/posts\/25507\/revisions"}],"predecessor-version":[{"id":25508,"href":"https:\/\/blogs.elcomercio.es\/reflexiones-de-belarmino\/wp-json\/wp\/v2\/posts\/25507\/revisions\/25508"}],"wp:attachment":[{"href":"https:\/\/blogs.elcomercio.es\/reflexiones-de-belarmino\/wp-json\/wp\/v2\/media?parent=25507"}],"wp:term":[{"taxonomy":"category","embeddable":true,"href":"https:\/\/blogs.elcomercio.es\/reflexiones-de-belarmino\/wp-json\/wp\/v2\/categories?post=25507"},{"taxonomy":"post_tag","embeddable":true,"href":"https:\/\/blogs.elcomercio.es\/reflexiones-de-belarmino\/wp-json\/wp\/v2\/tags?post=25507"}],"curies":[{"name":"wp","href":"https:\/\/api.w.org\/{rel}","templated":true}]}}