{"id":25509,"date":"2022-09-22T14:38:14","date_gmt":"2022-09-22T12:38:14","guid":{"rendered":"https:\/\/blogs.elcomercio.es\/reflexiones-de-belarmino\/?p=25509"},"modified":"2022-09-22T14:38:14","modified_gmt":"2022-09-22T12:38:14","slug":"cuando-el-viejo-zorro-politico-y-unico-interlocutor-de-occidente-con-putin-se-le-lanza-a-la-yugular-manda-el-mensaje-de-que-putin-caera","status":"publish","type":"post","link":"https:\/\/blogs.elcomercio.es\/reflexiones-de-belarmino\/2022\/09\/22\/cuando-el-viejo-zorro-politico-y-unico-interlocutor-de-occidente-con-putin-se-le-lanza-a-la-yugular-manda-el-mensaje-de-que-putin-caera\/","title":{"rendered":"\u00a1\u00a1\u00a1\u00a1\u00a1CUANDO EL &#8220;VIEJO ZORRO POL\u00cdTICO&#8221; Y \u00daNICO INTERLOCUTOR DE OCCIDENTE CON PUTIN, SE LE LANZA A LA YUGULAR MANDA EL MENSAJE DE QUE PUTIN CAER\u00c1 !!!"},"content":{"rendered":"<p><b>\u00bfQue pas\u00f3 en Samarcanda entre dos amigos estrat\u00e9gicos, como Vladimir Putin y Recep Tayyip Erdogan, presidente de Turqu\u00eda?.China est\u00e1 involucrada en los movimientos de Erdogan. Ese es el punto.<\/b><\/p>\n<p><b>Erdogan tiene en los EE:UU. a su gran adversarios capaz de tirarlo, que inclusive lo intento.Por ello jugando muy bien su posici\u00f3n politica y estrat\u00e9gica, el presidente de Turqu\u00eda se convirti\u00f3\u00a0hasta hace 10 d\u00edas en el \u00fanico interlocutor de Occidente con Putin.<\/b><\/p>\n<p><b>Pero algo pas\u00f3 en Samarcanda, la semana pasada para que el&#8221; viejo zorro de mar&#8221; que dirige nada menos que a Turqu\u00eda, al regresar declarase: &#8221; Putin tiene que devolver todos los territorios\u00a0que ha ocupado y hasta Crimea?.<\/b><\/p>\n<p><strong>Hoy ha vuelto a declarar que no se deben reconocer los referendos del 23 al 27 de septiembre en Donestk, Lugansk, Jerson y Zaporityia, y entonces hay que buscar entre las lineas m\u00e1s peque\u00f1as para entender.<\/strong><\/p>\n<p><b>Creemos, que ERDOGAN NO SE LANZAR\u00cdA\u00a0A LA YUGULAR DE PUTIN SI NO TUVIESE LA CERTEZA DE QUE LA PRESI\u00d3N\u00a0EXTERNA Y LA INTERNA QUE ESTA<\/b> <em><strong>SURGIENDO LO VAN A TIRAR.<\/strong><\/em><\/p>\n<p><strong>Llamamos la atenci\u00f3n a este hecho.<\/strong><\/p>\n<p>&nbsp;<\/p>\n<!-- AddThis Advanced Settings generic via filter on the_content --><!-- AddThis Share Buttons generic via filter on the_content -->","protected":false},"excerpt":{"rendered":"<p>\u00bfQue pas\u00f3 en Samarcanda entre dos amigos estrat\u00e9gicos, como Vladimir Putin y Recep Tayyip Erdogan, presidente de Turqu\u00eda?.China est\u00e1 involucrada en los movimientos de Erdogan. Ese es el punto. Erdogan tiene en los EE:UU. a su gran adversarios capaz de tirarlo, que inclusive lo intento.Por ello jugando muy bien su posici\u00f3n politica y estrat\u00e9gica, el [&hellip;]<!-- AddThis Advanced Settings generic via filter on get_the_excerpt --><!-- AddThis Share Buttons generic via filter on get_the_excerpt --><\/p>\n","protected":false},"author":16,"featured_media":0,"comment_status":"open","ping_status":"closed","sticky":false,"template":"","format":"standard","meta":[],"categories":[1],"tags":[],"_links":{"self":[{"href":"https:\/\/blogs.elcomercio.es\/reflexiones-de-belarmino\/wp-json\/wp\/v2\/posts\/25509"}],"collection":[{"href":"https:\/\/blogs.elcomercio.es\/reflexiones-de-belarmino\/wp-json\/wp\/v2\/posts"}],"about":[{"href":"https:\/\/blogs.elcomercio.es\/reflexiones-de-belarmino\/wp-json\/wp\/v2\/types\/post"}],"author":[{"embeddable":true,"href":"https:\/\/blogs.elcomercio.es\/reflexiones-de-belarmino\/wp-json\/wp\/v2\/users\/16"}],"replies":[{"embeddable":true,"href":"https:\/\/blogs.elcomercio.es\/reflexiones-de-belarmino\/wp-json\/wp\/v2\/comments?post=25509"}],"version-history":[{"count":3,"href":"https:\/\/blogs.elcomercio.es\/reflexiones-de-belarmino\/wp-json\/wp\/v2\/posts\/25509\/revisions"}],"predecessor-version":[{"id":25512,"href":"https:\/\/blogs.elcomercio.es\/reflexiones-de-belarmino\/wp-json\/wp\/v2\/posts\/25509\/revisions\/25512"}],"wp:attachment":[{"href":"https:\/\/blogs.elcomercio.es\/reflexiones-de-belarmino\/wp-json\/wp\/v2\/media?parent=25509"}],"wp:term":[{"taxonomy":"category","embeddable":true,"href":"https:\/\/blogs.elcomercio.es\/reflexiones-de-belarmino\/wp-json\/wp\/v2\/categories?post=25509"},{"taxonomy":"post_tag","embeddable":true,"href":"https:\/\/blogs.elcomercio.es\/reflexiones-de-belarmino\/wp-json\/wp\/v2\/tags?post=25509"}],"curies":[{"name":"wp","href":"https:\/\/api.w.org\/{rel}","templated":true}]}}