{"id":25513,"date":"2022-09-22T18:33:13","date_gmt":"2022-09-22T16:33:13","guid":{"rendered":"https:\/\/blogs.elcomercio.es\/reflexiones-de-belarmino\/?p=25513"},"modified":"2022-09-22T18:33:13","modified_gmt":"2022-09-22T16:33:13","slug":"hay-que-ir-a-una-negociacion-y-xi-jinping-puede-ser-el-eje-descubren-intereses-de-erdogan","status":"publish","type":"post","link":"https:\/\/blogs.elcomercio.es\/reflexiones-de-belarmino\/2022\/09\/22\/hay-que-ir-a-una-negociacion-y-xi-jinping-puede-ser-el-eje-descubren-intereses-de-erdogan\/","title":{"rendered":"\u00a1\u00a1\u00a1\u00a1 HAY QUE IR A UNA NEGOCIACI\u00d3N Y XI JINPING PUEDE SER EL EJE. DESCUBREN INTERESES DE ERDOGAN !!!"},"content":{"rendered":"<p><strong>El teniente coronel Manuel Morado, ex agregado militar en Rusia y en Ucrania, es una de las personas que m\u00e1s sabe y mas claro tiene lo que sucede en los dos paises.<\/strong><\/p>\n<p><strong>Tras de descalificar a Erdog\u00e1n, que dice quiere ,finalmente, buscar los espacios rusos en el Caucaso, Mar Negro y Asia Central, y por eso su viraje, el entiende que no hay que subestimar a Rusia ni a Putin, que suelen ser muy serios en sus declaraciones, que ha usado una parte de sus efectivos y que tiene capacidad de acabar con Ucrania y con todos nosotros, y mantiene que los propios Estados Unidos lo tienen muy claro<\/strong><\/p>\n<p><b>Mantiene que Rusia s\u00f3lo ha tomado sus \u00e1reas\u00a0estrat\u00e9gicas, el Donbass y Crimea, y que\u00a0aunque hay que ir a una negociaci\u00f3n esta no puede venir de Occidente, sino del oriente donde China es la gran baza. El Congreso el d\u00eda 15 de octubre pr\u00f3ximo podr\u00eda consolidar definitivamente\u00a0a Xi Jinping, si logra la negociaci\u00f3n.<\/b><\/p>\n<p><strong>&#8221; Al enemigo siempre hay que dejarle siempre una salida&#8221;.<\/strong><\/p>\n<p><strong>(Hoy el presidente de Colombia Gustavo Petro, apoyo la iniciativa de M\u00e9xico de una comisi\u00f3n negociadora\u00a0 integrada por el Secretario General de la ONU, el primer ministros de la India Nerendra Modi y el Papa Francisco)<\/strong><\/p>\n<!-- AddThis Advanced Settings generic via filter on the_content --><!-- AddThis Share Buttons generic via filter on the_content -->","protected":false},"excerpt":{"rendered":"<p>El teniente coronel Manuel Morado, ex agregado militar en Rusia y en Ucrania, es una de las personas que m\u00e1s sabe y mas claro tiene lo que sucede en los dos paises. Tras de descalificar a Erdog\u00e1n, que dice quiere ,finalmente, buscar los espacios rusos en el Caucaso, Mar Negro y Asia Central, y por [&hellip;]<!-- AddThis Advanced Settings generic via filter on get_the_excerpt --><!-- AddThis Share Buttons generic via filter on get_the_excerpt --><\/p>\n","protected":false},"author":16,"featured_media":0,"comment_status":"open","ping_status":"closed","sticky":false,"template":"","format":"standard","meta":[],"categories":[1],"tags":[],"_links":{"self":[{"href":"https:\/\/blogs.elcomercio.es\/reflexiones-de-belarmino\/wp-json\/wp\/v2\/posts\/25513"}],"collection":[{"href":"https:\/\/blogs.elcomercio.es\/reflexiones-de-belarmino\/wp-json\/wp\/v2\/posts"}],"about":[{"href":"https:\/\/blogs.elcomercio.es\/reflexiones-de-belarmino\/wp-json\/wp\/v2\/types\/post"}],"author":[{"embeddable":true,"href":"https:\/\/blogs.elcomercio.es\/reflexiones-de-belarmino\/wp-json\/wp\/v2\/users\/16"}],"replies":[{"embeddable":true,"href":"https:\/\/blogs.elcomercio.es\/reflexiones-de-belarmino\/wp-json\/wp\/v2\/comments?post=25513"}],"version-history":[{"count":1,"href":"https:\/\/blogs.elcomercio.es\/reflexiones-de-belarmino\/wp-json\/wp\/v2\/posts\/25513\/revisions"}],"predecessor-version":[{"id":25514,"href":"https:\/\/blogs.elcomercio.es\/reflexiones-de-belarmino\/wp-json\/wp\/v2\/posts\/25513\/revisions\/25514"}],"wp:attachment":[{"href":"https:\/\/blogs.elcomercio.es\/reflexiones-de-belarmino\/wp-json\/wp\/v2\/media?parent=25513"}],"wp:term":[{"taxonomy":"category","embeddable":true,"href":"https:\/\/blogs.elcomercio.es\/reflexiones-de-belarmino\/wp-json\/wp\/v2\/categories?post=25513"},{"taxonomy":"post_tag","embeddable":true,"href":"https:\/\/blogs.elcomercio.es\/reflexiones-de-belarmino\/wp-json\/wp\/v2\/tags?post=25513"}],"curies":[{"name":"wp","href":"https:\/\/api.w.org\/{rel}","templated":true}]}}