{"id":25515,"date":"2022-09-22T19:14:31","date_gmt":"2022-09-22T17:14:31","guid":{"rendered":"https:\/\/blogs.elcomercio.es\/reflexiones-de-belarmino\/?p=25515"},"modified":"2022-09-22T19:14:31","modified_gmt":"2022-09-22T17:14:31","slug":"en-recuerdo-de-audie-hepburn-a-30-anos-de-su-fallecimiento","status":"publish","type":"post","link":"https:\/\/blogs.elcomercio.es\/reflexiones-de-belarmino\/2022\/09\/22\/en-recuerdo-de-audie-hepburn-a-30-anos-de-su-fallecimiento\/","title":{"rendered":"\u00a1\u00a1\u00a1\u00a1\u00a1\u00a1\u00a1 EN RECUERDO DE AUDIE HEPBURN, A 30 A\u00d1OS DE SU FALLECIMIENTO !!!"},"content":{"rendered":"<p><b>Quien no recuerda a aquel mujer delgada, elegantes, con bellas\u00a0facciones y unos ojos y un sonrisa\u00a0que nos cautiv\u00f3. Una de las tres principales estrellas de aquella \u00e9poca de Hollywood, ganadora de todos los premios, victima de la segunda guerra mundial, sin la figura paterna que busc\u00f3 toda su vida, brit\u00e1nica para tratar de ser bailarina cuando irrumpe\u00a0a sus\u00a0veintitantos a\u00f1os en las pantallas y hasta hoy hizo felices a millones de personas, que tan s\u00f3lo con ello valdr\u00eda recordarla.<\/b><\/p>\n<p><b>Pero es que esta joven, y extremadamente\u00a0diferente a las dem\u00e1s de su \u00e9poca, en plena cumbre, se retira a los 40 a\u00f1os, entrega todo a una familia quiz\u00e1s por la falta que le hizo a ella, en su infancia, pero antes de los 50 se dedica por completo a que su fama, si imagen\u00a0pudiera ser de utilidad, y se incorpora a la UNICEF de quien ser\u00e1 presidenta.<\/b><\/p>\n<p><b>Viaja por Asia, Africa y Am\u00e9rica Latina y entrega todo su cari\u00f1o\u00a0a todos aquellos miles de ni\u00f1os y ni\u00f1as que solemos saber de ellos por los medios, pero ella se entrega lo que le restaba de vida a trasmitirles aquel amor, aquel cari\u00f1o a aquellos ni\u00f1os.<\/b><\/p>\n<p><strong>En una ocasi\u00f3n, para sacar adelante un proyecto en Africa, se present\u00f3 como embajadora de la UNICEF en el Congreso de los Estados Unidos, y en una hora recaud\u00f3 los 50 millones de d\u00f3lares de aquellos a\u00f1os.<\/strong><\/p>\n<p><b>Y as\u00ed, mientras tuvo vida. Nunca se quejaba\u00a0de nada, iba a donde la necesitaban e incluso el c\u00e1ncer\u00a0en el col\u00f3n que acabo\u00a0con su vida a los 63 a\u00f1os, nunca lo trasmiti\u00f3 a nadie.<\/b><\/p>\n<p><b>Falleci\u00f3 en en su bella finca de Suiza donde se hab\u00eda\u00a0retirado a estar con su familia, con sus hijos, antes que se incorporase a la UNICEF.<\/b><\/p>\n<p><strong>Hasta anoche, en la 2, como siempre, puede saber la vida integra de aquella mujer de Desayuno con Diamantes, y su m\u00fasica incomparable.(Moon River)<\/strong><\/p>\n<p><b>Ante tanta deshumanizaci\u00f3n, Audie Hepburn, fue una mujer ejemplar, que en su paso por esta tierra\u00a0hizo felices a tantos, ya en sus pel\u00edculas\u00a0ya con los ni\u00f1os que mas necesitaban su sonrisa.<\/b><\/p>\n<p><strong>Nosotros, hoy, aqu\u00ed en Gij\u00f3n, la recordamos con cari\u00f1o.<\/strong><\/p>\n<p>&nbsp;<\/p>\n<p>&nbsp;<\/p>\n<!-- AddThis Advanced Settings generic via filter on the_content --><!-- AddThis Share Buttons generic via filter on the_content -->","protected":false},"excerpt":{"rendered":"<p>Quien no recuerda a aquel mujer delgada, elegantes, con bellas\u00a0facciones y unos ojos y un sonrisa\u00a0que nos cautiv\u00f3. Una de las tres principales estrellas de aquella \u00e9poca de Hollywood, ganadora de todos los premios, victima de la segunda guerra mundial, sin la figura paterna que busc\u00f3 toda su vida, brit\u00e1nica para tratar de ser bailarina [&hellip;]<!-- AddThis Advanced Settings generic via filter on get_the_excerpt --><!-- AddThis Share Buttons generic via filter on get_the_excerpt --><\/p>\n","protected":false},"author":16,"featured_media":0,"comment_status":"open","ping_status":"closed","sticky":false,"template":"","format":"standard","meta":[],"categories":[1],"tags":[],"_links":{"self":[{"href":"https:\/\/blogs.elcomercio.es\/reflexiones-de-belarmino\/wp-json\/wp\/v2\/posts\/25515"}],"collection":[{"href":"https:\/\/blogs.elcomercio.es\/reflexiones-de-belarmino\/wp-json\/wp\/v2\/posts"}],"about":[{"href":"https:\/\/blogs.elcomercio.es\/reflexiones-de-belarmino\/wp-json\/wp\/v2\/types\/post"}],"author":[{"embeddable":true,"href":"https:\/\/blogs.elcomercio.es\/reflexiones-de-belarmino\/wp-json\/wp\/v2\/users\/16"}],"replies":[{"embeddable":true,"href":"https:\/\/blogs.elcomercio.es\/reflexiones-de-belarmino\/wp-json\/wp\/v2\/comments?post=25515"}],"version-history":[{"count":1,"href":"https:\/\/blogs.elcomercio.es\/reflexiones-de-belarmino\/wp-json\/wp\/v2\/posts\/25515\/revisions"}],"predecessor-version":[{"id":25516,"href":"https:\/\/blogs.elcomercio.es\/reflexiones-de-belarmino\/wp-json\/wp\/v2\/posts\/25515\/revisions\/25516"}],"wp:attachment":[{"href":"https:\/\/blogs.elcomercio.es\/reflexiones-de-belarmino\/wp-json\/wp\/v2\/media?parent=25515"}],"wp:term":[{"taxonomy":"category","embeddable":true,"href":"https:\/\/blogs.elcomercio.es\/reflexiones-de-belarmino\/wp-json\/wp\/v2\/categories?post=25515"},{"taxonomy":"post_tag","embeddable":true,"href":"https:\/\/blogs.elcomercio.es\/reflexiones-de-belarmino\/wp-json\/wp\/v2\/tags?post=25515"}],"curies":[{"name":"wp","href":"https:\/\/api.w.org\/{rel}","templated":true}]}}