{"id":25517,"date":"2022-09-22T20:35:13","date_gmt":"2022-09-22T18:35:13","guid":{"rendered":"https:\/\/blogs.elcomercio.es\/reflexiones-de-belarmino\/?p=25517"},"modified":"2022-09-22T20:35:13","modified_gmt":"2022-09-22T18:35:13","slug":"tras-el-futbol-a-35-grados-y-las-electricas-espanolas-intocables-esta-qatar","status":"publish","type":"post","link":"https:\/\/blogs.elcomercio.es\/reflexiones-de-belarmino\/2022\/09\/22\/tras-el-futbol-a-35-grados-y-las-electricas-espanolas-intocables-esta-qatar\/","title":{"rendered":"\u00a1\u00a1\u00a1\u00a1TRAS EL F\u00daTBOL A 35 GRADOS Y LAS EL\u00c9CTRICAS ESPA\u00d1OLAS INTOCABLES, EST\u00c1 QATAR !!!!"},"content":{"rendered":"<p><b>No es casualidad. El primer Mundial de F\u00fatbol\u00a0que se jugar\u00e1 en un peque\u00f1o pa\u00eds, con 35 grados de temperatura, conseguido con los d\u00f3lares entregados a las\u00a0federaciones y a sus dirigentes, se realiza en el pais que est\u00e1 detr\u00e1s\u00a0del poder de\u00a0las electricas espa\u00f1olas, en especial Iberdrola .Se llama QATAR.<\/b><\/p>\n<p><strong>Su\u00a0 gran m\u00e9rito, el PETROLEO debajo de ellos.<\/strong><\/p>\n<!-- AddThis Advanced Settings generic via filter on the_content --><!-- AddThis Share Buttons generic via filter on the_content -->","protected":false},"excerpt":{"rendered":"<p>No es casualidad. El primer Mundial de F\u00fatbol\u00a0que se jugar\u00e1 en un peque\u00f1o pa\u00eds, con 35 grados de temperatura, conseguido con los d\u00f3lares entregados a las\u00a0federaciones y a sus dirigentes, se realiza en el pais que est\u00e1 detr\u00e1s\u00a0del poder de\u00a0las electricas espa\u00f1olas, en especial Iberdrola .Se llama QATAR. Su\u00a0 gran m\u00e9rito, el PETROLEO debajo de [&hellip;]<!-- AddThis Advanced Settings generic via filter on get_the_excerpt --><!-- AddThis Share Buttons generic via filter on get_the_excerpt --><\/p>\n","protected":false},"author":16,"featured_media":0,"comment_status":"open","ping_status":"closed","sticky":false,"template":"","format":"standard","meta":[],"categories":[1],"tags":[],"_links":{"self":[{"href":"https:\/\/blogs.elcomercio.es\/reflexiones-de-belarmino\/wp-json\/wp\/v2\/posts\/25517"}],"collection":[{"href":"https:\/\/blogs.elcomercio.es\/reflexiones-de-belarmino\/wp-json\/wp\/v2\/posts"}],"about":[{"href":"https:\/\/blogs.elcomercio.es\/reflexiones-de-belarmino\/wp-json\/wp\/v2\/types\/post"}],"author":[{"embeddable":true,"href":"https:\/\/blogs.elcomercio.es\/reflexiones-de-belarmino\/wp-json\/wp\/v2\/users\/16"}],"replies":[{"embeddable":true,"href":"https:\/\/blogs.elcomercio.es\/reflexiones-de-belarmino\/wp-json\/wp\/v2\/comments?post=25517"}],"version-history":[{"count":2,"href":"https:\/\/blogs.elcomercio.es\/reflexiones-de-belarmino\/wp-json\/wp\/v2\/posts\/25517\/revisions"}],"predecessor-version":[{"id":25519,"href":"https:\/\/blogs.elcomercio.es\/reflexiones-de-belarmino\/wp-json\/wp\/v2\/posts\/25517\/revisions\/25519"}],"wp:attachment":[{"href":"https:\/\/blogs.elcomercio.es\/reflexiones-de-belarmino\/wp-json\/wp\/v2\/media?parent=25517"}],"wp:term":[{"taxonomy":"category","embeddable":true,"href":"https:\/\/blogs.elcomercio.es\/reflexiones-de-belarmino\/wp-json\/wp\/v2\/categories?post=25517"},{"taxonomy":"post_tag","embeddable":true,"href":"https:\/\/blogs.elcomercio.es\/reflexiones-de-belarmino\/wp-json\/wp\/v2\/tags?post=25517"}],"curies":[{"name":"wp","href":"https:\/\/api.w.org\/{rel}","templated":true}]}}