{"id":25525,"date":"2022-09-23T09:32:42","date_gmt":"2022-09-23T07:32:42","guid":{"rendered":"https:\/\/blogs.elcomercio.es\/reflexiones-de-belarmino\/?p=25525"},"modified":"2022-09-23T09:32:42","modified_gmt":"2022-09-23T07:32:42","slug":"alemania-se-come-el-2-de-su-pib-por-la-crisis-del-gas-ruso","status":"publish","type":"post","link":"https:\/\/blogs.elcomercio.es\/reflexiones-de-belarmino\/2022\/09\/23\/alemania-se-come-el-2-de-su-pib-por-la-crisis-del-gas-ruso\/","title":{"rendered":"\u00a1\u00a1\u00a1\u00a1ALEMANIA SE COME EL 2 % DE SU PIB, POR LA CRISIS DEL GAS RUSO !!!"},"content":{"rendered":"<p><strong>El nivel de lo que sucede en Europa nos lo da que Alemania se ha comido el 2 % de su PIB ( el cuarto del mundo con 4.6 Billones de d\u00f3lares, solo detr\u00e1s de EE:UU. Chinaa y Jap\u00f3n) por la crisis del gas ruso.<\/strong><\/p>\n<!-- AddThis Advanced Settings generic via filter on the_content --><!-- AddThis Share Buttons generic via filter on the_content -->","protected":false},"excerpt":{"rendered":"<p>El nivel de lo que sucede en Europa nos lo da que Alemania se ha comido el 2 % de su PIB ( el cuarto del mundo con 4.6 Billones de d\u00f3lares, solo detr\u00e1s de EE:UU. Chinaa y Jap\u00f3n) por la crisis del gas ruso.<!-- AddThis Advanced Settings generic via filter on get_the_excerpt --><!-- AddThis Share Buttons generic via filter on get_the_excerpt --><\/p>\n","protected":false},"author":16,"featured_media":0,"comment_status":"open","ping_status":"closed","sticky":false,"template":"","format":"standard","meta":[],"categories":[1],"tags":[],"_links":{"self":[{"href":"https:\/\/blogs.elcomercio.es\/reflexiones-de-belarmino\/wp-json\/wp\/v2\/posts\/25525"}],"collection":[{"href":"https:\/\/blogs.elcomercio.es\/reflexiones-de-belarmino\/wp-json\/wp\/v2\/posts"}],"about":[{"href":"https:\/\/blogs.elcomercio.es\/reflexiones-de-belarmino\/wp-json\/wp\/v2\/types\/post"}],"author":[{"embeddable":true,"href":"https:\/\/blogs.elcomercio.es\/reflexiones-de-belarmino\/wp-json\/wp\/v2\/users\/16"}],"replies":[{"embeddable":true,"href":"https:\/\/blogs.elcomercio.es\/reflexiones-de-belarmino\/wp-json\/wp\/v2\/comments?post=25525"}],"version-history":[{"count":1,"href":"https:\/\/blogs.elcomercio.es\/reflexiones-de-belarmino\/wp-json\/wp\/v2\/posts\/25525\/revisions"}],"predecessor-version":[{"id":25526,"href":"https:\/\/blogs.elcomercio.es\/reflexiones-de-belarmino\/wp-json\/wp\/v2\/posts\/25525\/revisions\/25526"}],"wp:attachment":[{"href":"https:\/\/blogs.elcomercio.es\/reflexiones-de-belarmino\/wp-json\/wp\/v2\/media?parent=25525"}],"wp:term":[{"taxonomy":"category","embeddable":true,"href":"https:\/\/blogs.elcomercio.es\/reflexiones-de-belarmino\/wp-json\/wp\/v2\/categories?post=25525"},{"taxonomy":"post_tag","embeddable":true,"href":"https:\/\/blogs.elcomercio.es\/reflexiones-de-belarmino\/wp-json\/wp\/v2\/tags?post=25525"}],"curies":[{"name":"wp","href":"https:\/\/api.w.org\/{rel}","templated":true}]}}