{"id":25527,"date":"2022-09-23T09:40:01","date_gmt":"2022-09-23T07:40:01","guid":{"rendered":"https:\/\/blogs.elcomercio.es\/reflexiones-de-belarmino\/?p=25527"},"modified":"2022-09-23T09:40:01","modified_gmt":"2022-09-23T07:40:01","slug":"ante-la-paralisis-del-consejo-de-seguridad-proponemos-fortalecer-a-gutierres-con-modi-y-el-papa-francisco-como-mediadores-de-la-paz-mexico","status":"publish","type":"post","link":"https:\/\/blogs.elcomercio.es\/reflexiones-de-belarmino\/2022\/09\/23\/ante-la-paralisis-del-consejo-de-seguridad-proponemos-fortalecer-a-gutierres-con-modi-y-el-papa-francisco-como-mediadores-de-la-paz-mexico\/","title":{"rendered":"\u00a1\u00a1\u00a1\u00a1 &#8221; ANTE LA PARALISIS DEL CONSEJO DE SEGURIDAD PROPONEMOS FORTALECER A GUTIERRES, CON MODI Y EL PAPA FRANCISCO COMO MEDIADORES DE LA PAZ&#8221;: MEXICO !!!"},"content":{"rendered":"<p><strong>Ayer en la Asamblea General de Naciones Unidas, el canciller Ebrar, present\u00f3 al proyecto de M\u00e9xico para negociar la paz., Plantea que el Consejo de Seguridad est\u00e1 paralizado y sugiere impulsar al secretario General Antonio Gutierres con personalidades como Nerendra Modi lider de India y el Papa Francisco.<\/strong><\/p>\n<p><b>En su intervenci\u00f3n\u00a0Petro, presidente de Colombia que no hab\u00eda\u00a0opinado en la tribuna de la ONU apoy\u00f3 la propuesta de M\u00e9xico.<\/b><\/p>\n<!-- AddThis Advanced Settings generic via filter on the_content --><!-- AddThis Share Buttons generic via filter on the_content -->","protected":false},"excerpt":{"rendered":"<p>Ayer en la Asamblea General de Naciones Unidas, el canciller Ebrar, present\u00f3 al proyecto de M\u00e9xico para negociar la paz., Plantea que el Consejo de Seguridad est\u00e1 paralizado y sugiere impulsar al secretario General Antonio Gutierres con personalidades como Nerendra Modi lider de India y el Papa Francisco. En su intervenci\u00f3n\u00a0Petro, presidente de Colombia que [&hellip;]<!-- AddThis Advanced Settings generic via filter on get_the_excerpt --><!-- AddThis Share Buttons generic via filter on get_the_excerpt --><\/p>\n","protected":false},"author":16,"featured_media":0,"comment_status":"open","ping_status":"closed","sticky":false,"template":"","format":"standard","meta":[],"categories":[1],"tags":[],"_links":{"self":[{"href":"https:\/\/blogs.elcomercio.es\/reflexiones-de-belarmino\/wp-json\/wp\/v2\/posts\/25527"}],"collection":[{"href":"https:\/\/blogs.elcomercio.es\/reflexiones-de-belarmino\/wp-json\/wp\/v2\/posts"}],"about":[{"href":"https:\/\/blogs.elcomercio.es\/reflexiones-de-belarmino\/wp-json\/wp\/v2\/types\/post"}],"author":[{"embeddable":true,"href":"https:\/\/blogs.elcomercio.es\/reflexiones-de-belarmino\/wp-json\/wp\/v2\/users\/16"}],"replies":[{"embeddable":true,"href":"https:\/\/blogs.elcomercio.es\/reflexiones-de-belarmino\/wp-json\/wp\/v2\/comments?post=25527"}],"version-history":[{"count":1,"href":"https:\/\/blogs.elcomercio.es\/reflexiones-de-belarmino\/wp-json\/wp\/v2\/posts\/25527\/revisions"}],"predecessor-version":[{"id":25528,"href":"https:\/\/blogs.elcomercio.es\/reflexiones-de-belarmino\/wp-json\/wp\/v2\/posts\/25527\/revisions\/25528"}],"wp:attachment":[{"href":"https:\/\/blogs.elcomercio.es\/reflexiones-de-belarmino\/wp-json\/wp\/v2\/media?parent=25527"}],"wp:term":[{"taxonomy":"category","embeddable":true,"href":"https:\/\/blogs.elcomercio.es\/reflexiones-de-belarmino\/wp-json\/wp\/v2\/categories?post=25527"},{"taxonomy":"post_tag","embeddable":true,"href":"https:\/\/blogs.elcomercio.es\/reflexiones-de-belarmino\/wp-json\/wp\/v2\/tags?post=25527"}],"curies":[{"name":"wp","href":"https:\/\/api.w.org\/{rel}","templated":true}]}}