{"id":25529,"date":"2022-09-23T09:49:05","date_gmt":"2022-09-23T07:49:05","guid":{"rendered":"https:\/\/blogs.elcomercio.es\/reflexiones-de-belarmino\/?p=25529"},"modified":"2022-09-23T09:49:05","modified_gmt":"2022-09-23T07:49:05","slug":"ante-la-inminente-llegada-de-meloni-a-italiaarrigo-sachi-diceel-futbol-es-el-reflejo-de-italia-de-un-pais-que-ha-confundido-los-valores","status":"publish","type":"post","link":"https:\/\/blogs.elcomercio.es\/reflexiones-de-belarmino\/2022\/09\/23\/ante-la-inminente-llegada-de-meloni-a-italiaarrigo-sachi-diceel-futbol-es-el-reflejo-de-italia-de-un-pais-que-ha-confundido-los-valores\/","title":{"rendered":"\u00a1\u00a1\u00a1ANTE LA INMINENTE LLEGADA DE MELONI A ITALIA,ARRIGO SACHI DICE:&#8221;EL F\u00daTBOL ES EL REFLEJO DE ITALIA, DE UN PA\u00cdS QUE HA CONFUNDIDO LOS VALORES&#8221;!!!!"},"content":{"rendered":"<p><b>Ante la inminente llegada el domingo a la continuadora de Mussolinni, la se\u00f1ora MELONI, lider de la ultraderecha italiana, Arrigo Sachi, declar\u00f3 ayer, ante impotencia: &#8221; El f\u00fatbol\u00a0es el reflejo\u00a0en Italia, de un\u00a0<\/b><strong>pais que ha confundido los valores.&#8221;<\/strong><\/p>\n<!-- AddThis Advanced Settings generic via filter on the_content --><!-- AddThis Share Buttons generic via filter on the_content -->","protected":false},"excerpt":{"rendered":"<p>Ante la inminente llegada el domingo a la continuadora de Mussolinni, la se\u00f1ora MELONI, lider de la ultraderecha italiana, Arrigo Sachi, declar\u00f3 ayer, ante impotencia: &#8221; El f\u00fatbol\u00a0es el reflejo\u00a0en Italia, de un\u00a0pais que ha confundido los valores.&#8221;<!-- AddThis Advanced Settings generic via filter on get_the_excerpt --><!-- AddThis Share Buttons generic via filter on get_the_excerpt --><\/p>\n","protected":false},"author":16,"featured_media":0,"comment_status":"open","ping_status":"closed","sticky":false,"template":"","format":"standard","meta":[],"categories":[1],"tags":[],"_links":{"self":[{"href":"https:\/\/blogs.elcomercio.es\/reflexiones-de-belarmino\/wp-json\/wp\/v2\/posts\/25529"}],"collection":[{"href":"https:\/\/blogs.elcomercio.es\/reflexiones-de-belarmino\/wp-json\/wp\/v2\/posts"}],"about":[{"href":"https:\/\/blogs.elcomercio.es\/reflexiones-de-belarmino\/wp-json\/wp\/v2\/types\/post"}],"author":[{"embeddable":true,"href":"https:\/\/blogs.elcomercio.es\/reflexiones-de-belarmino\/wp-json\/wp\/v2\/users\/16"}],"replies":[{"embeddable":true,"href":"https:\/\/blogs.elcomercio.es\/reflexiones-de-belarmino\/wp-json\/wp\/v2\/comments?post=25529"}],"version-history":[{"count":2,"href":"https:\/\/blogs.elcomercio.es\/reflexiones-de-belarmino\/wp-json\/wp\/v2\/posts\/25529\/revisions"}],"predecessor-version":[{"id":25531,"href":"https:\/\/blogs.elcomercio.es\/reflexiones-de-belarmino\/wp-json\/wp\/v2\/posts\/25529\/revisions\/25531"}],"wp:attachment":[{"href":"https:\/\/blogs.elcomercio.es\/reflexiones-de-belarmino\/wp-json\/wp\/v2\/media?parent=25529"}],"wp:term":[{"taxonomy":"category","embeddable":true,"href":"https:\/\/blogs.elcomercio.es\/reflexiones-de-belarmino\/wp-json\/wp\/v2\/categories?post=25529"},{"taxonomy":"post_tag","embeddable":true,"href":"https:\/\/blogs.elcomercio.es\/reflexiones-de-belarmino\/wp-json\/wp\/v2\/tags?post=25529"}],"curies":[{"name":"wp","href":"https:\/\/api.w.org\/{rel}","templated":true}]}}