{"id":25534,"date":"2022-09-23T12:01:02","date_gmt":"2022-09-23T10:01:02","guid":{"rendered":"https:\/\/blogs.elcomercio.es\/reflexiones-de-belarmino\/?p=25534"},"modified":"2022-09-23T12:01:02","modified_gmt":"2022-09-23T10:01:02","slug":"el-g20-termina-sin-acuerdo-sobre-el-conflicto-entre-rusia-y-ucrania","status":"publish","type":"post","link":"https:\/\/blogs.elcomercio.es\/reflexiones-de-belarmino\/2022\/09\/23\/el-g20-termina-sin-acuerdo-sobre-el-conflicto-entre-rusia-y-ucrania\/","title":{"rendered":"\u00a1\u00a1\u00a1\u00a1\u00a1EL G20 TERMINA SIN ACUERDO SOBRE EL CONFLICTO ENTRE RUSIA Y UCRANIA !!!"},"content":{"rendered":"<p><b>Muy importante. Occidente no logr\u00f3 sacar adelante ninguna condesa a Rusia, en la reuni\u00f3 del G20, el m\u00e1s importante\u00a0tras el G7, y que incluye a los 20 paises econ\u00f3micamente\u00a0m\u00e1s fuertes del mundo.<\/b><\/p>\n<p>&nbsp;<\/p>\n<!-- AddThis Advanced Settings generic via filter on the_content --><!-- AddThis Share Buttons generic via filter on the_content -->","protected":false},"excerpt":{"rendered":"<p>Muy importante. Occidente no logr\u00f3 sacar adelante ninguna condesa a Rusia, en la reuni\u00f3 del G20, el m\u00e1s importante\u00a0tras el G7, y que incluye a los 20 paises econ\u00f3micamente\u00a0m\u00e1s fuertes del mundo. &nbsp;<!-- AddThis Advanced Settings generic via filter on get_the_excerpt --><!-- AddThis Share Buttons generic via filter on get_the_excerpt --><\/p>\n","protected":false},"author":16,"featured_media":0,"comment_status":"open","ping_status":"closed","sticky":false,"template":"","format":"standard","meta":[],"categories":[1],"tags":[],"_links":{"self":[{"href":"https:\/\/blogs.elcomercio.es\/reflexiones-de-belarmino\/wp-json\/wp\/v2\/posts\/25534"}],"collection":[{"href":"https:\/\/blogs.elcomercio.es\/reflexiones-de-belarmino\/wp-json\/wp\/v2\/posts"}],"about":[{"href":"https:\/\/blogs.elcomercio.es\/reflexiones-de-belarmino\/wp-json\/wp\/v2\/types\/post"}],"author":[{"embeddable":true,"href":"https:\/\/blogs.elcomercio.es\/reflexiones-de-belarmino\/wp-json\/wp\/v2\/users\/16"}],"replies":[{"embeddable":true,"href":"https:\/\/blogs.elcomercio.es\/reflexiones-de-belarmino\/wp-json\/wp\/v2\/comments?post=25534"}],"version-history":[{"count":1,"href":"https:\/\/blogs.elcomercio.es\/reflexiones-de-belarmino\/wp-json\/wp\/v2\/posts\/25534\/revisions"}],"predecessor-version":[{"id":25535,"href":"https:\/\/blogs.elcomercio.es\/reflexiones-de-belarmino\/wp-json\/wp\/v2\/posts\/25534\/revisions\/25535"}],"wp:attachment":[{"href":"https:\/\/blogs.elcomercio.es\/reflexiones-de-belarmino\/wp-json\/wp\/v2\/media?parent=25534"}],"wp:term":[{"taxonomy":"category","embeddable":true,"href":"https:\/\/blogs.elcomercio.es\/reflexiones-de-belarmino\/wp-json\/wp\/v2\/categories?post=25534"},{"taxonomy":"post_tag","embeddable":true,"href":"https:\/\/blogs.elcomercio.es\/reflexiones-de-belarmino\/wp-json\/wp\/v2\/tags?post=25534"}],"curies":[{"name":"wp","href":"https:\/\/api.w.org\/{rel}","templated":true}]}}