{"id":25544,"date":"2022-09-23T17:19:31","date_gmt":"2022-09-23T15:19:31","guid":{"rendered":"https:\/\/blogs.elcomercio.es\/reflexiones-de-belarmino\/?p=25544"},"modified":"2022-09-23T17:19:31","modified_gmt":"2022-09-23T15:19:31","slug":"urgente-las-senoras-de-la-alta-sociedad-van-al-rescate-de-isabel-en-el-barrio-de-salamanca","status":"publish","type":"post","link":"https:\/\/blogs.elcomercio.es\/reflexiones-de-belarmino\/2022\/09\/23\/urgente-las-senoras-de-la-alta-sociedad-van-al-rescate-de-isabel-en-el-barrio-de-salamanca\/","title":{"rendered":"\u00a1\u00a1\u00a1\u00a1\u00a1URGENTE: &#8221; LAS SE\u00d1ORAS DE LA ALTA SOCIEDAD VAN AL RESCATE DE ISABEL  EN EL BARRIO DE SALAMANCA&#8221;  !!!"},"content":{"rendered":"<p><b>Hace 53 minutos la m\u00e1s popular de las cadenas de la televisi\u00f3n espa\u00f1ola, la 5, abri\u00f3 con este titular que\u00a0ha conmocionado\u00a0a la sociedad espa\u00f1ola, en especial en las filas del paro o en los comedores sociales de la Cruz Roja o Caritas, desbordadas este a\u00f1o.<\/b><\/p>\n<p><b>Citadas en forma urgente, &#8220;LAS SE\u00d1ORAS DE LA ALTA SOCIEDAD ESPA\u00d1OLAS&#8221;(sic), sacrificando sus m\u00faltiples\u00a0tareas se han reunido hoy en la ma\u00f1ana en una de las 7 terrazas m\u00e1s importantes del Barrio de Salamanca que ellas frecuentan, dando la\u00a0 exclusiva a S\u00e1lvame\u00a0de Lux ,Lim\u00f3n., con el prop\u00f3sito\u00a0de que &#8221; no sufra una\u00a0 de sus estrellas: Isabel Preysler&#8221;.<\/b><\/p>\n<p><strong>Hacen unas semanas mientras ellas estaban con la pareja, que no la esposa, de Mario Vargas Llosa, en la multitudinaria fiesta por el cumplea\u00f1os de Ira Furnstenberg, en la Palacio de Lira, la hija de uno de sus matrimonios con aquel V Marqu\u00e9s de Gri\u00f1on, el se\u00f1or Falco, en este momento Tamara Isabel Falc\u00f3 Preysler,\u00a0 \u00a0apareci\u00f3 en el Hormiguero a nivel Nacional anunciando a bomba y platillo su pr\u00f3xima boda para el 17 de junio pr\u00f3ximo con un tal I\u00f1igo Onieva.<\/strong><\/p>\n<p><strong>Mientras Tamara exultante con Pablo Motos daba la &#8220;noticia del a\u00f1o&#8221;, en el Palacio de Lira Do\u00f1a Isabel se entristecia, seg\u00fan cuentan los asistentes, la &#8220;creme de la creme&#8221;, Eugenia Martinez de Orujo, Alfonso Diez y dem\u00e1s.<\/strong><\/p>\n<p><b>Pero a los 10 d\u00edas el gal\u00e1n es captado bes\u00e1ndose\u00a0 otra mujer(morre\u00e1ndose\u00a0dicen en Salvame) en una imagen captada en vivo y a todo color , en un festival llamado Burning Man, con el disgustazo de la VI Marquesa de Gri\u00f1\u00f3n, Tamara, y de su madre.<\/b><\/p>\n<p><strong>Es tal el efecto que ha causado entre las &#8220;se\u00f1oras de bien&#8221; de este pa\u00eds, que hoy aceptaron una exclusiva en dicha terraza con la cadena de Berlusconi.<\/strong><\/p>\n<p><b>La caja de la Cinco, empez\u00f3 a echar chispas, sabiendo todo lo que entrar\u00eda, mientras aquellas mujeres, salvadoras, aparec\u00edan, al fin en S\u00e1lvame, &#8220;sin cobrar nada por supuesto&#8221;. Todo por el amor de su amiga Isabel.<\/b><\/p>\n<p><strong>Los &#8220;periodistas&#8221;(\u00bf) de la telebasura, avisaron que pod\u00edan comprar aquello ofrecido a la la amante o al amante, por que el dinero iba a circular con m\u00e1s abundancia.<\/strong><\/p>\n<p><b>Hoy, con el coraz\u00f3n roto, millones de mujeres y hombres adictos al cotilleo, ya no tienen que preocuparse ni de guerras, ni de las el\u00e9ctricas, ni de los desempleados, ni de las recesiones, &#8221; cosas de hombres, \u00bfsabe usted?.<\/b><\/p>\n<p><strong>Y el pa\u00eds segu\u00eda adelante&#8230;&#8230;.<\/strong><\/p>\n<p>&nbsp;<\/p>\n<p>&nbsp;<\/p>\n<!-- AddThis Advanced Settings generic via filter on the_content --><!-- AddThis Share Buttons generic via filter on the_content -->","protected":false},"excerpt":{"rendered":"<p>Hace 53 minutos la m\u00e1s popular de las cadenas de la televisi\u00f3n espa\u00f1ola, la 5, abri\u00f3 con este titular que\u00a0ha conmocionado\u00a0a la sociedad espa\u00f1ola, en especial en las filas del paro o en los comedores sociales de la Cruz Roja o Caritas, desbordadas este a\u00f1o. Citadas en forma urgente, &#8220;LAS SE\u00d1ORAS DE LA ALTA SOCIEDAD [&hellip;]<!-- AddThis Advanced Settings generic via filter on get_the_excerpt --><!-- AddThis Share Buttons generic via filter on get_the_excerpt --><\/p>\n","protected":false},"author":16,"featured_media":0,"comment_status":"open","ping_status":"closed","sticky":false,"template":"","format":"standard","meta":[],"categories":[1],"tags":[],"_links":{"self":[{"href":"https:\/\/blogs.elcomercio.es\/reflexiones-de-belarmino\/wp-json\/wp\/v2\/posts\/25544"}],"collection":[{"href":"https:\/\/blogs.elcomercio.es\/reflexiones-de-belarmino\/wp-json\/wp\/v2\/posts"}],"about":[{"href":"https:\/\/blogs.elcomercio.es\/reflexiones-de-belarmino\/wp-json\/wp\/v2\/types\/post"}],"author":[{"embeddable":true,"href":"https:\/\/blogs.elcomercio.es\/reflexiones-de-belarmino\/wp-json\/wp\/v2\/users\/16"}],"replies":[{"embeddable":true,"href":"https:\/\/blogs.elcomercio.es\/reflexiones-de-belarmino\/wp-json\/wp\/v2\/comments?post=25544"}],"version-history":[{"count":2,"href":"https:\/\/blogs.elcomercio.es\/reflexiones-de-belarmino\/wp-json\/wp\/v2\/posts\/25544\/revisions"}],"predecessor-version":[{"id":25546,"href":"https:\/\/blogs.elcomercio.es\/reflexiones-de-belarmino\/wp-json\/wp\/v2\/posts\/25544\/revisions\/25546"}],"wp:attachment":[{"href":"https:\/\/blogs.elcomercio.es\/reflexiones-de-belarmino\/wp-json\/wp\/v2\/media?parent=25544"}],"wp:term":[{"taxonomy":"category","embeddable":true,"href":"https:\/\/blogs.elcomercio.es\/reflexiones-de-belarmino\/wp-json\/wp\/v2\/categories?post=25544"},{"taxonomy":"post_tag","embeddable":true,"href":"https:\/\/blogs.elcomercio.es\/reflexiones-de-belarmino\/wp-json\/wp\/v2\/tags?post=25544"}],"curies":[{"name":"wp","href":"https:\/\/api.w.org\/{rel}","templated":true}]}}