{"id":25547,"date":"2022-09-23T17:50:43","date_gmt":"2022-09-23T15:50:43","guid":{"rendered":"https:\/\/blogs.elcomercio.es\/reflexiones-de-belarmino\/?p=25547"},"modified":"2022-09-23T17:50:43","modified_gmt":"2022-09-23T15:50:43","slug":"el-3-de-octubre-estaran-los-principales-empresarios-en-la-mananera-para-explicar-la-cesta-basica","status":"publish","type":"post","link":"https:\/\/blogs.elcomercio.es\/reflexiones-de-belarmino\/2022\/09\/23\/el-3-de-octubre-estaran-los-principales-empresarios-en-la-mananera-para-explicar-la-cesta-basica\/","title":{"rendered":"\u00a1\u00a1\u00a1\u00a1\u00a1 EL 3 DE OCTUBRE ESTAR\u00c1N LOS PRINCIPALES EMPRESARIOS EN LA MA\u00d1ANERA  PARA EXPLICAR LA CESTA B\u00c1SICA !!!"},"content":{"rendered":"<p><b>Teniendo en cuenta que la lucha\u00a0 principal de los paises en el mundo es la inflaci\u00f3n,\u00a0ayer se\u00f1alamos\u00a0que M\u00e9xico est\u00e1 preparando un proyecto para enfrentarla y que pudiendo controlar la energ\u00eda el problema\u00a0estaba en los alimentos, y por ello se reun\u00edan a comer\u00a0con L\u00f3pez Obrador en Palacio, los due\u00f1os de las grandes cadenas comerciales, empezando\u00a0por la mayor\u00a0norteamericana llamada Wall Mart.<\/b><\/p>\n<p><strong>Hoy inform\u00f3 que ser\u00e1n los empresarios los que presente al pueblo mexicano en la Ma\u00f1anera del 3 de octubre, como,\u00a0 y con que productos, se iniciar\u00e1 esa Canasta B\u00e1sica, que se hace en forma solidaria Gobiernos\u00a0<\/strong><b>Empresarios, gracias a la buena relaci\u00f3n entre Gobierno, Empresarios y Pueblo.<\/b><\/p>\n<p>&nbsp;<\/p>\n<!-- AddThis Advanced Settings generic via filter on the_content --><!-- AddThis Share Buttons generic via filter on the_content -->","protected":false},"excerpt":{"rendered":"<p>Teniendo en cuenta que la lucha\u00a0 principal de los paises en el mundo es la inflaci\u00f3n,\u00a0ayer se\u00f1alamos\u00a0que M\u00e9xico est\u00e1 preparando un proyecto para enfrentarla y que pudiendo controlar la energ\u00eda el problema\u00a0estaba en los alimentos, y por ello se reun\u00edan a comer\u00a0con L\u00f3pez Obrador en Palacio, los due\u00f1os de las grandes cadenas comerciales, empezando\u00a0por la [&hellip;]<!-- AddThis Advanced Settings generic via filter on get_the_excerpt --><!-- AddThis Share Buttons generic via filter on get_the_excerpt --><\/p>\n","protected":false},"author":16,"featured_media":0,"comment_status":"open","ping_status":"closed","sticky":false,"template":"","format":"standard","meta":[],"categories":[1],"tags":[],"_links":{"self":[{"href":"https:\/\/blogs.elcomercio.es\/reflexiones-de-belarmino\/wp-json\/wp\/v2\/posts\/25547"}],"collection":[{"href":"https:\/\/blogs.elcomercio.es\/reflexiones-de-belarmino\/wp-json\/wp\/v2\/posts"}],"about":[{"href":"https:\/\/blogs.elcomercio.es\/reflexiones-de-belarmino\/wp-json\/wp\/v2\/types\/post"}],"author":[{"embeddable":true,"href":"https:\/\/blogs.elcomercio.es\/reflexiones-de-belarmino\/wp-json\/wp\/v2\/users\/16"}],"replies":[{"embeddable":true,"href":"https:\/\/blogs.elcomercio.es\/reflexiones-de-belarmino\/wp-json\/wp\/v2\/comments?post=25547"}],"version-history":[{"count":1,"href":"https:\/\/blogs.elcomercio.es\/reflexiones-de-belarmino\/wp-json\/wp\/v2\/posts\/25547\/revisions"}],"predecessor-version":[{"id":25548,"href":"https:\/\/blogs.elcomercio.es\/reflexiones-de-belarmino\/wp-json\/wp\/v2\/posts\/25547\/revisions\/25548"}],"wp:attachment":[{"href":"https:\/\/blogs.elcomercio.es\/reflexiones-de-belarmino\/wp-json\/wp\/v2\/media?parent=25547"}],"wp:term":[{"taxonomy":"category","embeddable":true,"href":"https:\/\/blogs.elcomercio.es\/reflexiones-de-belarmino\/wp-json\/wp\/v2\/categories?post=25547"},{"taxonomy":"post_tag","embeddable":true,"href":"https:\/\/blogs.elcomercio.es\/reflexiones-de-belarmino\/wp-json\/wp\/v2\/tags?post=25547"}],"curies":[{"name":"wp","href":"https:\/\/api.w.org\/{rel}","templated":true}]}}