{"id":25550,"date":"2022-09-23T18:15:10","date_gmt":"2022-09-23T16:15:10","guid":{"rendered":"https:\/\/blogs.elcomercio.es\/reflexiones-de-belarmino\/?p=25550"},"modified":"2022-09-23T18:15:10","modified_gmt":"2022-09-23T16:15:10","slug":"el-fiona-esperado-en-cancun-llega-por-el-cambio-climatico-manana-a-canarias","status":"publish","type":"post","link":"https:\/\/blogs.elcomercio.es\/reflexiones-de-belarmino\/2022\/09\/23\/el-fiona-esperado-en-cancun-llega-por-el-cambio-climatico-manana-a-canarias\/","title":{"rendered":"\u00a1\u00a1\u00a1\u00a1 EL FIONA, ESPERADO EN CANCUN, LLEGA ,POR EL CAMBIO CLIM\u00c1TICO, MA\u00d1ANA A CANARIAS !!!!"},"content":{"rendered":"<p><strong>Hace una semana me acerque al Centro Nacional\u00a0 de Huracanes de EE:UU. el referente desde que viv\u00ed 30 a\u00f1os en Yucat\u00e1n y en Cancun, para saber la evoluci\u00f3n de los huracanes.<\/strong><\/p>\n<p><b>Preocupado\u00a0por mis hijas y nietos, investigue\u00a0al posible hurac\u00e1n\u00a0Fiona, que hab\u00eda golpeado tan fuerte a Puerto Rico,\u00a0 y se desviaba hacia oriente, no golpeando ni al Caribe ni a Estados Unidos,\u00a0 y para sorpresa m\u00eda ,confirmando el cambio de las corrientes\u00a0del golfo que han encontrado una v\u00eda m\u00e1s hacia el este cerca de Africa, hoy me entero que la preparaci\u00f3n en las Islas Canar\u00edas por tan fuertes lluvias que se esperan este fin de semana, es por la llegada de&#8230;.FIONA.<\/b><\/p>\n<p><b>Al derretirse\u00a0el hielo en el Polo Norte, las aguas heladas se encuentra ya con las c\u00e1lidas de toda la vida que vienen del\u00a0Ecuador, y que hizo que hace 12,000 al terminar\u00a0la \u00faltima Glaciaci\u00f3n, convirtiese el clima\u00a0 de Europa en CLIMA TEMPLADO, donde surgen las grandes\u00a0civilizaciones, y entonces han encontrado un nuevo canal que hace que se desv\u00eden\u00a0hacia Europa lo que antes era exclusivo del Golfo de M\u00e9xico.<\/b><\/p>\n<p><strong>Y, en tan s\u00f3lo, 15 a\u00f1os&#8230;&#8230;.<\/strong><\/p>\n<p><b>Hoy cambia. El Mediterr\u00e1neo\u00a0es el mar m\u00e1s caliente del mundo y la temperatura va ascendiendo desde Africa hacia el sur de Europa, y como siempre comento, en 10 a\u00f1os la mayor parte de la poblaci\u00f3n espa\u00f1ola va a buscar VERANEAR EN GALICIA, ASTURIAS Y CANTABRIA, tras la Cordillera Cant\u00e1brica.<\/b><\/p>\n<p><b>En tan s\u00f3lo 15 a\u00f1os, los huracanes se est\u00e1n\u00a0desviando, no todos, de la zona del Caribe, Cuba y Estados Unidos y est\u00e1n llegando al oeste de Africa y de Europa.<\/b><\/p>\n<p><b>Normalmente hoy, mis hijas estar\u00edan con la familia haciendo\u00a0los preparativos que hoy est\u00e1n haciendo en las Islas Canarias.<\/b><\/p>\n<p><b>Claro aqu\u00ed no llega en forma de Hurac\u00e1n sino como Tormenta Tropical con vientos de unos 100 kms\/hora.<\/b><\/p>\n<p><b> Los huracanes del 1 al 5, pasan de 150 kms,\/hora a los 300 kms. por hora que viv\u00ed entes de venir, todos juntos all\u00ed, del Wilma, nivel 5.<\/b><\/p>\n<p>&nbsp;<\/p>\n<p>&nbsp;<\/p>\n<!-- AddThis Advanced Settings generic via filter on the_content --><!-- AddThis Share Buttons generic via filter on the_content -->","protected":false},"excerpt":{"rendered":"<p>Hace una semana me acerque al Centro Nacional\u00a0 de Huracanes de EE:UU. el referente desde que viv\u00ed 30 a\u00f1os en Yucat\u00e1n y en Cancun, para saber la evoluci\u00f3n de los huracanes. Preocupado\u00a0por mis hijas y nietos, investigue\u00a0al posible hurac\u00e1n\u00a0Fiona, que hab\u00eda golpeado tan fuerte a Puerto Rico,\u00a0 y se desviaba hacia oriente, no golpeando ni [&hellip;]<!-- AddThis Advanced Settings generic via filter on get_the_excerpt --><!-- AddThis Share Buttons generic via filter on get_the_excerpt --><\/p>\n","protected":false},"author":16,"featured_media":0,"comment_status":"open","ping_status":"closed","sticky":false,"template":"","format":"standard","meta":[],"categories":[1],"tags":[],"_links":{"self":[{"href":"https:\/\/blogs.elcomercio.es\/reflexiones-de-belarmino\/wp-json\/wp\/v2\/posts\/25550"}],"collection":[{"href":"https:\/\/blogs.elcomercio.es\/reflexiones-de-belarmino\/wp-json\/wp\/v2\/posts"}],"about":[{"href":"https:\/\/blogs.elcomercio.es\/reflexiones-de-belarmino\/wp-json\/wp\/v2\/types\/post"}],"author":[{"embeddable":true,"href":"https:\/\/blogs.elcomercio.es\/reflexiones-de-belarmino\/wp-json\/wp\/v2\/users\/16"}],"replies":[{"embeddable":true,"href":"https:\/\/blogs.elcomercio.es\/reflexiones-de-belarmino\/wp-json\/wp\/v2\/comments?post=25550"}],"version-history":[{"count":1,"href":"https:\/\/blogs.elcomercio.es\/reflexiones-de-belarmino\/wp-json\/wp\/v2\/posts\/25550\/revisions"}],"predecessor-version":[{"id":25551,"href":"https:\/\/blogs.elcomercio.es\/reflexiones-de-belarmino\/wp-json\/wp\/v2\/posts\/25550\/revisions\/25551"}],"wp:attachment":[{"href":"https:\/\/blogs.elcomercio.es\/reflexiones-de-belarmino\/wp-json\/wp\/v2\/media?parent=25550"}],"wp:term":[{"taxonomy":"category","embeddable":true,"href":"https:\/\/blogs.elcomercio.es\/reflexiones-de-belarmino\/wp-json\/wp\/v2\/categories?post=25550"},{"taxonomy":"post_tag","embeddable":true,"href":"https:\/\/blogs.elcomercio.es\/reflexiones-de-belarmino\/wp-json\/wp\/v2\/tags?post=25550"}],"curies":[{"name":"wp","href":"https:\/\/api.w.org\/{rel}","templated":true}]}}