{"id":25555,"date":"2022-09-24T09:39:59","date_gmt":"2022-09-24T07:39:59","guid":{"rendered":"https:\/\/blogs.elcomercio.es\/reflexiones-de-belarmino\/?p=25555"},"modified":"2022-09-24T09:39:59","modified_gmt":"2022-09-24T07:39:59","slug":"lo-que-viene-que-se-ira-lo-han-vivido-padres-y-abuelos-es-el-momento-de-la-serenidad-y-saber-adaptarse","status":"publish","type":"post","link":"https:\/\/blogs.elcomercio.es\/reflexiones-de-belarmino\/2022\/09\/24\/lo-que-viene-que-se-ira-lo-han-vivido-padres-y-abuelos-es-el-momento-de-la-serenidad-y-saber-adaptarse\/","title":{"rendered":"\u00a1\u00a1\u00a1\u00a1\u00a1LO QUE VIENE, QUE SE IRA, LO HAN VIVIDO PADRES Y ABUELOS. ES EL MOMENTO DE LA SERENIDAD Y SABER ADAPTARSE !!!"},"content":{"rendered":"<p><strong>Era octubre de 1962 .Aquella noche a los 22 a\u00f1os, sin dormir, con aquellos taquitos de\u00a0<\/strong><b>fr\u00e9joles,pendientes de la radio cada minuto, pens\u00e1bamos\u00a0si no ser\u00eda la final:La crisis de los Misiles de Cuba.Y pas\u00f3, y estamos ,como todas las generaciones en medio de un proceso complejo, dif\u00edcil, donde no podemos hacer nada,y y que lo corresponde es la serenidad.<\/b><\/p>\n<!-- AddThis Advanced Settings generic via filter on the_content --><!-- AddThis Share Buttons generic via filter on the_content -->","protected":false},"excerpt":{"rendered":"<p>Era octubre de 1962 .Aquella noche a los 22 a\u00f1os, sin dormir, con aquellos taquitos de\u00a0fr\u00e9joles,pendientes de la radio cada minuto, pens\u00e1bamos\u00a0si no ser\u00eda la final:La crisis de los Misiles de Cuba.Y pas\u00f3, y estamos ,como todas las generaciones en medio de un proceso complejo, dif\u00edcil, donde no podemos hacer nada,y y que lo corresponde [&hellip;]<!-- AddThis Advanced Settings generic via filter on get_the_excerpt --><!-- AddThis Share Buttons generic via filter on get_the_excerpt --><\/p>\n","protected":false},"author":16,"featured_media":0,"comment_status":"open","ping_status":"closed","sticky":false,"template":"","format":"standard","meta":[],"categories":[1],"tags":[],"_links":{"self":[{"href":"https:\/\/blogs.elcomercio.es\/reflexiones-de-belarmino\/wp-json\/wp\/v2\/posts\/25555"}],"collection":[{"href":"https:\/\/blogs.elcomercio.es\/reflexiones-de-belarmino\/wp-json\/wp\/v2\/posts"}],"about":[{"href":"https:\/\/blogs.elcomercio.es\/reflexiones-de-belarmino\/wp-json\/wp\/v2\/types\/post"}],"author":[{"embeddable":true,"href":"https:\/\/blogs.elcomercio.es\/reflexiones-de-belarmino\/wp-json\/wp\/v2\/users\/16"}],"replies":[{"embeddable":true,"href":"https:\/\/blogs.elcomercio.es\/reflexiones-de-belarmino\/wp-json\/wp\/v2\/comments?post=25555"}],"version-history":[{"count":1,"href":"https:\/\/blogs.elcomercio.es\/reflexiones-de-belarmino\/wp-json\/wp\/v2\/posts\/25555\/revisions"}],"predecessor-version":[{"id":25556,"href":"https:\/\/blogs.elcomercio.es\/reflexiones-de-belarmino\/wp-json\/wp\/v2\/posts\/25555\/revisions\/25556"}],"wp:attachment":[{"href":"https:\/\/blogs.elcomercio.es\/reflexiones-de-belarmino\/wp-json\/wp\/v2\/media?parent=25555"}],"wp:term":[{"taxonomy":"category","embeddable":true,"href":"https:\/\/blogs.elcomercio.es\/reflexiones-de-belarmino\/wp-json\/wp\/v2\/categories?post=25555"},{"taxonomy":"post_tag","embeddable":true,"href":"https:\/\/blogs.elcomercio.es\/reflexiones-de-belarmino\/wp-json\/wp\/v2\/tags?post=25555"}],"curies":[{"name":"wp","href":"https:\/\/api.w.org\/{rel}","templated":true}]}}