{"id":25557,"date":"2022-09-24T10:04:34","date_gmt":"2022-09-24T08:04:34","guid":{"rendered":"https:\/\/blogs.elcomercio.es\/reflexiones-de-belarmino\/?p=25557"},"modified":"2022-09-24T10:04:34","modified_gmt":"2022-09-24T08:04:34","slug":"noam-chomsky-la-unica-forma-de-saber-si-es-posible-una-solucion-politica-en-ucrania-es-intentandolo","status":"publish","type":"post","link":"https:\/\/blogs.elcomercio.es\/reflexiones-de-belarmino\/2022\/09\/24\/noam-chomsky-la-unica-forma-de-saber-si-es-posible-una-solucion-politica-en-ucrania-es-intentandolo\/","title":{"rendered":"\u00a1\u00a1\u00a1\u00a1NOAM CHOMSKY : &#8221; LA \u00daNICA FORMA DE SABER SI ES POSIBLE UNA SOLUCI\u00d3N  POL\u00cdTICA EN UCRANIA ES INTENT\u00c1NDOLO&#8221;!!!"},"content":{"rendered":"<p><b>Tiene 93 a\u00f1os, pero su voz es una de las mas respetadas no en Estados Unidos sino en todo el mundo. Ayer, igual que ha seguido, y con \u00e9l muchos que lo leemos, el enfrentamiento en Ucrania, con objetividad, sin caer en la manipulaci\u00f3n, ayer dijo: &#8220;La \u00fanica forma de saber si es posible una soluci\u00f3n pol\u00edtica en Ucrania, es INTENT\u00c1NDOLO&#8221;.<\/b><\/p>\n<!-- AddThis Advanced Settings generic via filter on the_content --><!-- AddThis Share Buttons generic via filter on the_content -->","protected":false},"excerpt":{"rendered":"<p>Tiene 93 a\u00f1os, pero su voz es una de las mas respetadas no en Estados Unidos sino en todo el mundo. Ayer, igual que ha seguido, y con \u00e9l muchos que lo leemos, el enfrentamiento en Ucrania, con objetividad, sin caer en la manipulaci\u00f3n, ayer dijo: &#8220;La \u00fanica forma de saber si es posible una [&hellip;]<!-- AddThis Advanced Settings generic via filter on get_the_excerpt --><!-- AddThis Share Buttons generic via filter on get_the_excerpt --><\/p>\n","protected":false},"author":16,"featured_media":0,"comment_status":"open","ping_status":"closed","sticky":false,"template":"","format":"standard","meta":[],"categories":[1],"tags":[],"_links":{"self":[{"href":"https:\/\/blogs.elcomercio.es\/reflexiones-de-belarmino\/wp-json\/wp\/v2\/posts\/25557"}],"collection":[{"href":"https:\/\/blogs.elcomercio.es\/reflexiones-de-belarmino\/wp-json\/wp\/v2\/posts"}],"about":[{"href":"https:\/\/blogs.elcomercio.es\/reflexiones-de-belarmino\/wp-json\/wp\/v2\/types\/post"}],"author":[{"embeddable":true,"href":"https:\/\/blogs.elcomercio.es\/reflexiones-de-belarmino\/wp-json\/wp\/v2\/users\/16"}],"replies":[{"embeddable":true,"href":"https:\/\/blogs.elcomercio.es\/reflexiones-de-belarmino\/wp-json\/wp\/v2\/comments?post=25557"}],"version-history":[{"count":1,"href":"https:\/\/blogs.elcomercio.es\/reflexiones-de-belarmino\/wp-json\/wp\/v2\/posts\/25557\/revisions"}],"predecessor-version":[{"id":25558,"href":"https:\/\/blogs.elcomercio.es\/reflexiones-de-belarmino\/wp-json\/wp\/v2\/posts\/25557\/revisions\/25558"}],"wp:attachment":[{"href":"https:\/\/blogs.elcomercio.es\/reflexiones-de-belarmino\/wp-json\/wp\/v2\/media?parent=25557"}],"wp:term":[{"taxonomy":"category","embeddable":true,"href":"https:\/\/blogs.elcomercio.es\/reflexiones-de-belarmino\/wp-json\/wp\/v2\/categories?post=25557"},{"taxonomy":"post_tag","embeddable":true,"href":"https:\/\/blogs.elcomercio.es\/reflexiones-de-belarmino\/wp-json\/wp\/v2\/tags?post=25557"}],"curies":[{"name":"wp","href":"https:\/\/api.w.org\/{rel}","templated":true}]}}