{"id":25588,"date":"2022-09-25T15:23:10","date_gmt":"2022-09-25T13:23:10","guid":{"rendered":"https:\/\/blogs.elcomercio.es\/reflexiones-de-belarmino\/?p=25588"},"modified":"2022-09-25T15:23:10","modified_gmt":"2022-09-25T13:23:10","slug":"la-union-europea-aguarda-en-vilo-un-sismo-politico-en-italia","status":"publish","type":"post","link":"https:\/\/blogs.elcomercio.es\/reflexiones-de-belarmino\/2022\/09\/25\/la-union-europea-aguarda-en-vilo-un-sismo-politico-en-italia\/","title":{"rendered":"\u00a1\u00a1\u00a1\u00a1LA UNI\u00d3N EUROPEA AGUARDA EN VILO UN SISMO POL\u00cdTICO EN ITALIA !!!"},"content":{"rendered":"<p><b>Puede ser un d\u00eda hist\u00f3rico para Italia, la cuarta econom\u00eda europea. Por primera vez puede ser salir electa en las elecciones y ser Primera Ministra una mujer, hecho ins\u00f3lito\u00a0, y m\u00e1s a\u00fan, por que se trata de\u00a0una joven mujer de 45 a\u00f1os que se proclama\u00a0la seguidora de Mussolini\u00a0: GIORGIA\u00a0MELONI.<\/b><\/p>\n<p><b>No es un asunto menor. La llegada a este importante pa\u00eds no s\u00f3lo de una mujer sino\u00a0de la ultraderecha, tiene en vilo a toda la Uni\u00f3n Europea, y tendr\u00e1 consecuencias en todo el continente.<\/b><\/p>\n<p><b>Aliada con Matteo Salvini\u00a0\u00a0y con Silvio Berlusconi todas\u00a0las encuestas la dan como favorita. Tan es as\u00ed, que no ha podido salir a votar y lo har\u00e1 hasta las 10 de la noche, por\u00a0la cantidad de medios de comunicaci\u00f3n que quieren esa foto que, probablemente, sea hist\u00f3rica.<\/b><\/p>\n<p><strong>El sistema electoral ha cambiado y en lugar de 630 diputados se eligen 400, y 200 de los 315 senadores.<\/strong><\/p>\n<p><b>El pa\u00eds pasa una gran\u00a0crisis no s\u00f3lo pol\u00edtica donde no pueden mantener un gobierno estable, sino con una deuda externa de las m\u00e1s altas, el 150 % del PIB( 2.1 Billones, NOVENO LUGAR MUNDIAL), una sociedad envejecido, inflaci\u00f3n del 8.7, pero que va a sufrir por el aumento del costo del dinero\u00a0 y una Zona Euro en riesgo de recesi\u00f3n.<\/b><\/p>\n<p><strong>Con un 4 % en las elecciones del 2018, su alianza con la derecha, es la que la llevar\u00e1 al triunfo, lo que indicar\u00eda a Feij\u00f3o, la importancia de aliarse con Vox,<\/strong><\/p>\n<p><b>Hace una semana la ultraderecha triunfaba en Suecia de manos de otra mujer. El triunfo de Giorgia Meloni\u00a0dar\u00e1 un gran impulso a la extrema derecha europea, que ante la crisis econ\u00f3mica\u00a0y social que se avecina encontrar\u00e1 como en los 30 los fascismos, un gran caldo de cultivo.<\/b><\/p>\n<p>&nbsp;<\/p>\n<p>&nbsp;<\/p>\n<p>&nbsp;<\/p>\n<!-- AddThis Advanced Settings generic via filter on the_content --><!-- AddThis Share Buttons generic via filter on the_content -->","protected":false},"excerpt":{"rendered":"<p>Puede ser un d\u00eda hist\u00f3rico para Italia, la cuarta econom\u00eda europea. Por primera vez puede ser salir electa en las elecciones y ser Primera Ministra una mujer, hecho ins\u00f3lito\u00a0, y m\u00e1s a\u00fan, por que se trata de\u00a0una joven mujer de 45 a\u00f1os que se proclama\u00a0la seguidora de Mussolini\u00a0: GIORGIA\u00a0MELONI. No es un asunto menor. La [&hellip;]<!-- AddThis Advanced Settings generic via filter on get_the_excerpt --><!-- AddThis Share Buttons generic via filter on get_the_excerpt --><\/p>\n","protected":false},"author":16,"featured_media":0,"comment_status":"open","ping_status":"closed","sticky":false,"template":"","format":"standard","meta":[],"categories":[1],"tags":[],"_links":{"self":[{"href":"https:\/\/blogs.elcomercio.es\/reflexiones-de-belarmino\/wp-json\/wp\/v2\/posts\/25588"}],"collection":[{"href":"https:\/\/blogs.elcomercio.es\/reflexiones-de-belarmino\/wp-json\/wp\/v2\/posts"}],"about":[{"href":"https:\/\/blogs.elcomercio.es\/reflexiones-de-belarmino\/wp-json\/wp\/v2\/types\/post"}],"author":[{"embeddable":true,"href":"https:\/\/blogs.elcomercio.es\/reflexiones-de-belarmino\/wp-json\/wp\/v2\/users\/16"}],"replies":[{"embeddable":true,"href":"https:\/\/blogs.elcomercio.es\/reflexiones-de-belarmino\/wp-json\/wp\/v2\/comments?post=25588"}],"version-history":[{"count":1,"href":"https:\/\/blogs.elcomercio.es\/reflexiones-de-belarmino\/wp-json\/wp\/v2\/posts\/25588\/revisions"}],"predecessor-version":[{"id":25589,"href":"https:\/\/blogs.elcomercio.es\/reflexiones-de-belarmino\/wp-json\/wp\/v2\/posts\/25588\/revisions\/25589"}],"wp:attachment":[{"href":"https:\/\/blogs.elcomercio.es\/reflexiones-de-belarmino\/wp-json\/wp\/v2\/media?parent=25588"}],"wp:term":[{"taxonomy":"category","embeddable":true,"href":"https:\/\/blogs.elcomercio.es\/reflexiones-de-belarmino\/wp-json\/wp\/v2\/categories?post=25588"},{"taxonomy":"post_tag","embeddable":true,"href":"https:\/\/blogs.elcomercio.es\/reflexiones-de-belarmino\/wp-json\/wp\/v2\/tags?post=25588"}],"curies":[{"name":"wp","href":"https:\/\/api.w.org\/{rel}","templated":true}]}}