{"id":25595,"date":"2022-09-25T20:04:52","date_gmt":"2022-09-25T18:04:52","guid":{"rendered":"https:\/\/blogs.elcomercio.es\/reflexiones-de-belarmino\/?p=25595"},"modified":"2022-09-25T20:04:52","modified_gmt":"2022-09-25T18:04:52","slug":"desaparicion-forzada-crimen-de-lesa-humanidad-termina-el-fuero-militar-aprueba-congreso-de-mexico","status":"publish","type":"post","link":"https:\/\/blogs.elcomercio.es\/reflexiones-de-belarmino\/2022\/09\/25\/desaparicion-forzada-crimen-de-lesa-humanidad-termina-el-fuero-militar-aprueba-congreso-de-mexico\/","title":{"rendered":"\u00a1\u00a1\u00a1\u00a1&#8221;DESAPARICI\u00d3N FORZADA CRIMEN DE LESA HUMANIDAD&#8221;. TERMINA EL FUERO MILITAR, APRUEBA CONGRESO DE MEXICO !!!"},"content":{"rendered":"<p><b>Por fin. El pa\u00eds de los 100,000 desaparecidos en la\u00a0etapa de Felipe\u00a0Calder\u00f3n\u00a0y 165,000 con Pe\u00f1a Nieto; el pa\u00eds\u00a0de la verg\u00fcenza\u00a0de Ciudad Ju\u00e1rez; el\u00a0pais donde aparec\u00edan\u00a0cuerpos en fosas clandestinas\u00a0en cal viva, o colgados de los puentes, ha dado un paso adelante ABRIENDO SUS ENTRA\u00d1AS para que\u00a0todo lo oculto durante 30 a\u00f1os sea conocido por todos y sus responsables\u00a0castigados.<\/b><\/p>\n<p><b>La decisi\u00f3n del presidente L\u00f3pez Obrador, en su nueva relaci\u00f3n\u00a0con el Ej\u00e9rcito\u00a0y la Marina y con el pueblo del pa\u00eds, ha dado un gran paso, surgido tras 10 a\u00f1os de lucha de los padres de los 43 DE AYOTZINAPA.<\/b><\/p>\n<p><b>El Campo Militar No 1, ha sido visitado\u00a0por los familiares de los desaparecidos, generales, militares, los responsables\u00a0por parte de Salinas, Zedillo,Fox, Calder\u00f3n y Pe\u00f1a Nieto de\u00a0la Seguridad P\u00fablica\u00a0hombres de horca y cuchillo est\u00e1n\u00a0en la c\u00e1rcel y el presidente quer\u00eda que se pusieran\u00a0 las fotograf\u00edas\u00a0de los 30 responsables de Ayotzinapa todav\u00eda en fuga\u00a0 en la noche en el Palacio de Bellas\u00a0Artes, para que les quedase claro a los familiares\u00a0quienes fueron(no se hizo por que el proceso no lo permit\u00eda).<\/b><\/p>\n<p><b>Israel tiene protegido a\u00a0 Jes\u00fas Cer\u00f3n el autor intelectual y c\u00f3mplice\u00a0con los asesinos, protest\u00f3 por que su Embajada recibi\u00f3 la furia de los padres y dijo que &#8220;se interesar\u00e1\u00a0en el asunto&#8221; luego de 4 a\u00f1os de pedir\u00a0L\u00f3pez\u00a0Obrador su extradici\u00f3n.<\/b><\/p>\n<p><b>El Congreso aprob\u00f3 ayer declarar CRIMEN DE LESA HUMANIDAD A LA DESAPARICI\u00d3N\u00a0FORZADA, Y QUIT\u00d3 EL FUERO A LOS MILITARES.<\/b><\/p>\n<p><b>Y ese pueblo de &#8220;indios&#8221; di\u00f3 una lecci\u00f3n para retomar de su pasado lo mejor de la Independencia, de la Reforma y la Revoluci\u00f3n y eliminar\u00a0lo peor de ese proceso neoliberal de los \u00faltimos 30 a\u00f1os.<\/b><\/p>\n<p><b>En M\u00e9xico hoy, la corrupci\u00f3n\u00a0es c\u00e1rcel.<\/b><\/p>\n<p>&nbsp;<\/p>\n<p>&nbsp;<\/p>\n<!-- AddThis Advanced Settings generic via filter on the_content --><!-- AddThis Share Buttons generic via filter on the_content -->","protected":false},"excerpt":{"rendered":"<p>Por fin. El pa\u00eds de los 100,000 desaparecidos en la\u00a0etapa de Felipe\u00a0Calder\u00f3n\u00a0y 165,000 con Pe\u00f1a Nieto; el pa\u00eds\u00a0de la verg\u00fcenza\u00a0de Ciudad Ju\u00e1rez; el\u00a0pais donde aparec\u00edan\u00a0cuerpos en fosas clandestinas\u00a0en cal viva, o colgados de los puentes, ha dado un paso adelante ABRIENDO SUS ENTRA\u00d1AS para que\u00a0todo lo oculto durante 30 a\u00f1os sea conocido por todos y [&hellip;]<!-- AddThis Advanced Settings generic via filter on get_the_excerpt --><!-- AddThis Share Buttons generic via filter on get_the_excerpt --><\/p>\n","protected":false},"author":16,"featured_media":0,"comment_status":"open","ping_status":"closed","sticky":false,"template":"","format":"standard","meta":[],"categories":[1],"tags":[],"_links":{"self":[{"href":"https:\/\/blogs.elcomercio.es\/reflexiones-de-belarmino\/wp-json\/wp\/v2\/posts\/25595"}],"collection":[{"href":"https:\/\/blogs.elcomercio.es\/reflexiones-de-belarmino\/wp-json\/wp\/v2\/posts"}],"about":[{"href":"https:\/\/blogs.elcomercio.es\/reflexiones-de-belarmino\/wp-json\/wp\/v2\/types\/post"}],"author":[{"embeddable":true,"href":"https:\/\/blogs.elcomercio.es\/reflexiones-de-belarmino\/wp-json\/wp\/v2\/users\/16"}],"replies":[{"embeddable":true,"href":"https:\/\/blogs.elcomercio.es\/reflexiones-de-belarmino\/wp-json\/wp\/v2\/comments?post=25595"}],"version-history":[{"count":1,"href":"https:\/\/blogs.elcomercio.es\/reflexiones-de-belarmino\/wp-json\/wp\/v2\/posts\/25595\/revisions"}],"predecessor-version":[{"id":25596,"href":"https:\/\/blogs.elcomercio.es\/reflexiones-de-belarmino\/wp-json\/wp\/v2\/posts\/25595\/revisions\/25596"}],"wp:attachment":[{"href":"https:\/\/blogs.elcomercio.es\/reflexiones-de-belarmino\/wp-json\/wp\/v2\/media?parent=25595"}],"wp:term":[{"taxonomy":"category","embeddable":true,"href":"https:\/\/blogs.elcomercio.es\/reflexiones-de-belarmino\/wp-json\/wp\/v2\/categories?post=25595"},{"taxonomy":"post_tag","embeddable":true,"href":"https:\/\/blogs.elcomercio.es\/reflexiones-de-belarmino\/wp-json\/wp\/v2\/tags?post=25595"}],"curies":[{"name":"wp","href":"https:\/\/api.w.org\/{rel}","templated":true}]}}