{"id":25597,"date":"2022-09-25T20:21:03","date_gmt":"2022-09-25T18:21:03","guid":{"rendered":"https:\/\/blogs.elcomercio.es\/reflexiones-de-belarmino\/?p=25597"},"modified":"2022-09-25T20:21:03","modified_gmt":"2022-09-25T18:21:03","slug":"el-viernes-de-ser-aceptados-donetsk-lugansk-jerson-y-zaporiyia-seran-declarados-territorios-rusos-protesta-de-ucrania-y-europa","status":"publish","type":"post","link":"https:\/\/blogs.elcomercio.es\/reflexiones-de-belarmino\/2022\/09\/25\/el-viernes-de-ser-aceptados-donetsk-lugansk-jerson-y-zaporiyia-seran-declarados-territorios-rusos-protesta-de-ucrania-y-europa\/","title":{"rendered":"\u00a1\u00a1EL VIERNES, DE SER ACEPTADOS, DONETSK, LUGANSK, JERSON Y ZAPORIYIA, SER\u00c1N DECLARADOS TERRITORIOS RUSOS. PROTESTA DE UCRANIA Y EUROPA !!!"},"content":{"rendered":"<p><b>Est\u00e1n votando en las cuatro\u00a0regiones de mayor\u00eda rusoparlante, ante el impulso ruso, y el enfrentamiento total de Ucrania, y de la Uni\u00f3n Europea. Putin ha informado que el viernes pr\u00f3ximo d\u00eda 30 de septiembre ,si lo piden, ser\u00e1n ya parte de Rusia.<\/b><\/p>\n<p><b>Los acontecimientos avanzan y las cr\u00edticas\u00a0de occidente tambi\u00e9n.<\/b><\/p>\n<p><b>De materializar Rusia este proceso desde el 1 de octubre formar\u00e1n\u00a0parte de Rusia, y los defender\u00e1n con todo.\u00a0<\/b><\/p>\n<p><strong>Ni Rusia va a utilizar armas nucleares, ni los Estados Unidos, ni Reino Unido, Francia,Israel, India, Pakist\u00e1n o Corea del Norte, que son los que tienen las armas nucleares.<\/strong><\/p>\n<p><strong>Y ah\u00ed empezar\u00e1n las negociaciones, donde China y Oriente, el Papa ser\u00e1n claves para el alto al fuego.<\/strong><\/p>\n<p><b>La propuesta de M\u00e9xico de sacar el\u00a0problema del Consejo de Seguridad, por\u00a0 inoperante, y apoyar al Secretario General de Naciones Unidas con Modi y el Papa Francisco I, no parecen tan disparatadas.<\/b><\/p>\n<p><strong>Cuando esto termine y ser\u00e1 pronto, sabremos que ha ganado Rusia, Europa y los EE:UU,\u00a0 y que hemos perdido todos.<\/strong><\/p>\n<!-- AddThis Advanced Settings generic via filter on the_content --><!-- AddThis Share Buttons generic via filter on the_content -->","protected":false},"excerpt":{"rendered":"<p>Est\u00e1n votando en las cuatro\u00a0regiones de mayor\u00eda rusoparlante, ante el impulso ruso, y el enfrentamiento total de Ucrania, y de la Uni\u00f3n Europea. Putin ha informado que el viernes pr\u00f3ximo d\u00eda 30 de septiembre ,si lo piden, ser\u00e1n ya parte de Rusia. Los acontecimientos avanzan y las cr\u00edticas\u00a0de occidente tambi\u00e9n. De materializar Rusia este proceso [&hellip;]<!-- AddThis Advanced Settings generic via filter on get_the_excerpt --><!-- AddThis Share Buttons generic via filter on get_the_excerpt --><\/p>\n","protected":false},"author":16,"featured_media":0,"comment_status":"open","ping_status":"closed","sticky":false,"template":"","format":"standard","meta":[],"categories":[1],"tags":[],"_links":{"self":[{"href":"https:\/\/blogs.elcomercio.es\/reflexiones-de-belarmino\/wp-json\/wp\/v2\/posts\/25597"}],"collection":[{"href":"https:\/\/blogs.elcomercio.es\/reflexiones-de-belarmino\/wp-json\/wp\/v2\/posts"}],"about":[{"href":"https:\/\/blogs.elcomercio.es\/reflexiones-de-belarmino\/wp-json\/wp\/v2\/types\/post"}],"author":[{"embeddable":true,"href":"https:\/\/blogs.elcomercio.es\/reflexiones-de-belarmino\/wp-json\/wp\/v2\/users\/16"}],"replies":[{"embeddable":true,"href":"https:\/\/blogs.elcomercio.es\/reflexiones-de-belarmino\/wp-json\/wp\/v2\/comments?post=25597"}],"version-history":[{"count":3,"href":"https:\/\/blogs.elcomercio.es\/reflexiones-de-belarmino\/wp-json\/wp\/v2\/posts\/25597\/revisions"}],"predecessor-version":[{"id":25600,"href":"https:\/\/blogs.elcomercio.es\/reflexiones-de-belarmino\/wp-json\/wp\/v2\/posts\/25597\/revisions\/25600"}],"wp:attachment":[{"href":"https:\/\/blogs.elcomercio.es\/reflexiones-de-belarmino\/wp-json\/wp\/v2\/media?parent=25597"}],"wp:term":[{"taxonomy":"category","embeddable":true,"href":"https:\/\/blogs.elcomercio.es\/reflexiones-de-belarmino\/wp-json\/wp\/v2\/categories?post=25597"},{"taxonomy":"post_tag","embeddable":true,"href":"https:\/\/blogs.elcomercio.es\/reflexiones-de-belarmino\/wp-json\/wp\/v2\/tags?post=25597"}],"curies":[{"name":"wp","href":"https:\/\/api.w.org\/{rel}","templated":true}]}}