{"id":25601,"date":"2022-09-26T08:49:59","date_gmt":"2022-09-26T06:49:59","guid":{"rendered":"https:\/\/blogs.elcomercio.es\/reflexiones-de-belarmino\/?p=25601"},"modified":"2022-09-26T08:49:59","modified_gmt":"2022-09-26T06:49:59","slug":"con-dios-patria-y-familia-al-frente-llega-una-carismatica-mujer-al-gobierno-de-italiagiorgia-meloni","status":"publish","type":"post","link":"https:\/\/blogs.elcomercio.es\/reflexiones-de-belarmino\/2022\/09\/26\/con-dios-patria-y-familia-al-frente-llega-una-carismatica-mujer-al-gobierno-de-italiagiorgia-meloni\/","title":{"rendered":"\u00a1\u00a1\u00a1\u00a1\u00a1CON &#8221; DIOS, PATRIA Y FAMILIA&#8221; AL FRENTE LLEGA UNA CARISM\u00c1TICA MUJER AL GOBIERNO DE ITALIA:GIORGIA MELONI!!!!"},"content":{"rendered":"<p><b>En 1922 un desconocido\u00a0alem\u00e1n pasaba en Roma por el despacho\u00a0de su \u00eddolo buscando una foto de \u00e9l para su despacho: Era el despacho de Benito\u00a0Mussolini(el Benito se\u00a0lo hab\u00edan puesto por Benito Ju\u00e1rez) el Duce italiano ya en movimiento su fascismo\u00a0con el mismo lema: &#8220;Dios, Patria y Familia&#8221;.<\/b><\/p>\n<p><strong>Cien a\u00f1os m\u00e1s tarde, aquella semilla, fue recogida por una mujer de 45, carism\u00e1tica, ojos claros, potente, y tras a\u00f1os de lucha ayer fue la politica m\u00e1s votada(en 5 a\u00f1os pas\u00f3 del 4 al 22 % de la votaci\u00f3n), llamada GIORGIA MELONI.<\/strong><\/p>\n<p><b>Hace un siglo, tras una pandemia(la gripe espa\u00f1ola), y la gran depresi\u00f3n de 1929, surgieron los fascismos en Europa que dieron un giro a la historia que nos cost\u00f3\u00a0casi 100 millones de muertos.<\/b><\/p>\n<p><b>Nadie puede subestimarla. La primera mujer que llegar\u00eda\u00a0al gobierno en Italia, con carisma, ideas\u00a0<\/b><b>claras, ya est\u00e1 aqu\u00ed, y empieza otra \u00e9poca.<\/b><\/p>\n<!-- AddThis Advanced Settings generic via filter on the_content --><!-- AddThis Share Buttons generic via filter on the_content -->","protected":false},"excerpt":{"rendered":"<p>En 1922 un desconocido\u00a0alem\u00e1n pasaba en Roma por el despacho\u00a0de su \u00eddolo buscando una foto de \u00e9l para su despacho: Era el despacho de Benito\u00a0Mussolini(el Benito se\u00a0lo hab\u00edan puesto por Benito Ju\u00e1rez) el Duce italiano ya en movimiento su fascismo\u00a0con el mismo lema: &#8220;Dios, Patria y Familia&#8221;. Cien a\u00f1os m\u00e1s tarde, aquella semilla, fue recogida [&hellip;]<!-- AddThis Advanced Settings generic via filter on get_the_excerpt --><!-- AddThis Share Buttons generic via filter on get_the_excerpt --><\/p>\n","protected":false},"author":16,"featured_media":0,"comment_status":"open","ping_status":"closed","sticky":false,"template":"","format":"standard","meta":[],"categories":[1],"tags":[],"_links":{"self":[{"href":"https:\/\/blogs.elcomercio.es\/reflexiones-de-belarmino\/wp-json\/wp\/v2\/posts\/25601"}],"collection":[{"href":"https:\/\/blogs.elcomercio.es\/reflexiones-de-belarmino\/wp-json\/wp\/v2\/posts"}],"about":[{"href":"https:\/\/blogs.elcomercio.es\/reflexiones-de-belarmino\/wp-json\/wp\/v2\/types\/post"}],"author":[{"embeddable":true,"href":"https:\/\/blogs.elcomercio.es\/reflexiones-de-belarmino\/wp-json\/wp\/v2\/users\/16"}],"replies":[{"embeddable":true,"href":"https:\/\/blogs.elcomercio.es\/reflexiones-de-belarmino\/wp-json\/wp\/v2\/comments?post=25601"}],"version-history":[{"count":1,"href":"https:\/\/blogs.elcomercio.es\/reflexiones-de-belarmino\/wp-json\/wp\/v2\/posts\/25601\/revisions"}],"predecessor-version":[{"id":25602,"href":"https:\/\/blogs.elcomercio.es\/reflexiones-de-belarmino\/wp-json\/wp\/v2\/posts\/25601\/revisions\/25602"}],"wp:attachment":[{"href":"https:\/\/blogs.elcomercio.es\/reflexiones-de-belarmino\/wp-json\/wp\/v2\/media?parent=25601"}],"wp:term":[{"taxonomy":"category","embeddable":true,"href":"https:\/\/blogs.elcomercio.es\/reflexiones-de-belarmino\/wp-json\/wp\/v2\/categories?post=25601"},{"taxonomy":"post_tag","embeddable":true,"href":"https:\/\/blogs.elcomercio.es\/reflexiones-de-belarmino\/wp-json\/wp\/v2\/tags?post=25601"}],"curies":[{"name":"wp","href":"https:\/\/api.w.org\/{rel}","templated":true}]}}