{"id":25603,"date":"2022-09-26T09:05:21","date_gmt":"2022-09-26T07:05:21","guid":{"rendered":"https:\/\/blogs.elcomercio.es\/reflexiones-de-belarmino\/?p=25603"},"modified":"2022-09-26T09:05:21","modified_gmt":"2022-09-26T07:05:21","slug":"el-viernes-30-donetsk-lugansk-jerson-y-zaporiyia-tras-la-referendums-seran-declarados-territorio-ruso","status":"publish","type":"post","link":"https:\/\/blogs.elcomercio.es\/reflexiones-de-belarmino\/2022\/09\/26\/el-viernes-30-donetsk-lugansk-jerson-y-zaporiyia-tras-la-referendums-seran-declarados-territorio-ruso\/","title":{"rendered":"\u00a1\u00a1\u00a1\u00a1EL VIERNES 30, DONETSK, LUGANSK, JERSON Y ZAPORIYIA, TRAS LA REFERENDUMS, SER\u00c1N DECLARADOS TERRITORIO RUSO !!!"},"content":{"rendered":"<p><b>Siguen los refer\u00e9ndums, sigue\u00a0la oposici\u00f3n frontal de Ucrania, los medios occidentales al hablar de los 5,000 detenidos en toda Rusia, filtran algunas imagenes de la votaci\u00f2n en este\u00a0territorio, donde hay paz, la gente votando y urnas bastante llenas.<\/b><\/p>\n<p><b>Terminan ma\u00f1ana en aquel inmenso territorio y Mosc\u00fa declar\u00f3 que el viernes pr\u00f3ximo, el 30 de septiembre, ser\u00e1n declaradas territorio ruso.<\/b><\/p>\n<p><b>En El Vaticano, China, India, Naciones Unidas siguen con atenci\u00f3n por que el siguiente paso va a ser buscar un alto a la guerra.China ya dijo que se respetar\u00e1n los fronteras\u00a0ucranianas, pero \u00bfcuales?.<\/b><\/p>\n<p><b>No hay un pais con armas nucleares que mueva un dedo en favor de Ucrania. Zelenski con un ej\u00e9rcito\u00a0de 1 millones de hombres, el apoyo de 50 paises y casi 1 bill\u00f3n\u00a0de d\u00f3lares de ayuda que nadie sabe d\u00f3nde\u00a0est\u00e1, habr\u00e1\u00a0jugado el papel para el que le puso Biden y pronto ser\u00e1 historia.<\/b><\/p>\n<p><strong>Por supuesto los suculentos contratos para reconstruir &#8220;los destrozos rusos&#8221; como antes en Iraq, ya est\u00e1n repartida entre las grandes constructoras de los EE:UU:<\/strong><\/p>\n<p>&nbsp;<\/p>\n<p>&nbsp;<\/p>\n<!-- AddThis Advanced Settings generic via filter on the_content --><!-- AddThis Share Buttons generic via filter on the_content -->","protected":false},"excerpt":{"rendered":"<p>Siguen los refer\u00e9ndums, sigue\u00a0la oposici\u00f3n frontal de Ucrania, los medios occidentales al hablar de los 5,000 detenidos en toda Rusia, filtran algunas imagenes de la votaci\u00f2n en este\u00a0territorio, donde hay paz, la gente votando y urnas bastante llenas. Terminan ma\u00f1ana en aquel inmenso territorio y Mosc\u00fa declar\u00f3 que el viernes pr\u00f3ximo, el 30 de septiembre, [&hellip;]<!-- AddThis Advanced Settings generic via filter on get_the_excerpt --><!-- AddThis Share Buttons generic via filter on get_the_excerpt --><\/p>\n","protected":false},"author":16,"featured_media":0,"comment_status":"open","ping_status":"closed","sticky":false,"template":"","format":"standard","meta":[],"categories":[1],"tags":[],"_links":{"self":[{"href":"https:\/\/blogs.elcomercio.es\/reflexiones-de-belarmino\/wp-json\/wp\/v2\/posts\/25603"}],"collection":[{"href":"https:\/\/blogs.elcomercio.es\/reflexiones-de-belarmino\/wp-json\/wp\/v2\/posts"}],"about":[{"href":"https:\/\/blogs.elcomercio.es\/reflexiones-de-belarmino\/wp-json\/wp\/v2\/types\/post"}],"author":[{"embeddable":true,"href":"https:\/\/blogs.elcomercio.es\/reflexiones-de-belarmino\/wp-json\/wp\/v2\/users\/16"}],"replies":[{"embeddable":true,"href":"https:\/\/blogs.elcomercio.es\/reflexiones-de-belarmino\/wp-json\/wp\/v2\/comments?post=25603"}],"version-history":[{"count":1,"href":"https:\/\/blogs.elcomercio.es\/reflexiones-de-belarmino\/wp-json\/wp\/v2\/posts\/25603\/revisions"}],"predecessor-version":[{"id":25604,"href":"https:\/\/blogs.elcomercio.es\/reflexiones-de-belarmino\/wp-json\/wp\/v2\/posts\/25603\/revisions\/25604"}],"wp:attachment":[{"href":"https:\/\/blogs.elcomercio.es\/reflexiones-de-belarmino\/wp-json\/wp\/v2\/media?parent=25603"}],"wp:term":[{"taxonomy":"category","embeddable":true,"href":"https:\/\/blogs.elcomercio.es\/reflexiones-de-belarmino\/wp-json\/wp\/v2\/categories?post=25603"},{"taxonomy":"post_tag","embeddable":true,"href":"https:\/\/blogs.elcomercio.es\/reflexiones-de-belarmino\/wp-json\/wp\/v2\/tags?post=25603"}],"curies":[{"name":"wp","href":"https:\/\/api.w.org\/{rel}","templated":true}]}}