{"id":25605,"date":"2022-09-26T09:21:52","date_gmt":"2022-09-26T07:21:52","guid":{"rendered":"https:\/\/blogs.elcomercio.es\/reflexiones-de-belarmino\/?p=25605"},"modified":"2022-09-26T09:21:52","modified_gmt":"2022-09-26T07:21:52","slug":"espana-el-pais-mejor-posicionado-de-los-grandes-de-europa-para-enfrentar-la-crisis-que-viene","status":"publish","type":"post","link":"https:\/\/blogs.elcomercio.es\/reflexiones-de-belarmino\/2022\/09\/26\/espana-el-pais-mejor-posicionado-de-los-grandes-de-europa-para-enfrentar-la-crisis-que-viene\/","title":{"rendered":"\u00a1\u00a1\u00a1\u00a1ESPA\u00d1A EL PAIS MEJOR POSICIONADO DE LOS GRANDES DE EUROPA PARA ENFRENTAR LA CRISIS QUE VIENE !!"},"content":{"rendered":"<p><b>Viendo lo visto en Alemania, en Francia, Italia y el Reino Unido, el pa\u00eds, de los grandes de Europa, con m\u00e1s capacidad de resistencia a la crisis econ\u00f3mica que viene es Espa\u00f1a.Y no es porque\u00a0seamos excepcionales, sino que\u00a0 que la incapacidad del resto de los paises de Europa.Hoy sobresalimos aunque nos va a doler.<\/b><\/p>\n<!-- AddThis Advanced Settings generic via filter on the_content --><!-- AddThis Share Buttons generic via filter on the_content -->","protected":false},"excerpt":{"rendered":"<p>Viendo lo visto en Alemania, en Francia, Italia y el Reino Unido, el pa\u00eds, de los grandes de Europa, con m\u00e1s capacidad de resistencia a la crisis econ\u00f3mica que viene es Espa\u00f1a.Y no es porque\u00a0seamos excepcionales, sino que\u00a0 que la incapacidad del resto de los paises de Europa.Hoy sobresalimos aunque nos va a doler.<!-- AddThis Advanced Settings generic via filter on get_the_excerpt --><!-- AddThis Share Buttons generic via filter on get_the_excerpt --><\/p>\n","protected":false},"author":16,"featured_media":0,"comment_status":"open","ping_status":"closed","sticky":false,"template":"","format":"standard","meta":[],"categories":[1],"tags":[],"_links":{"self":[{"href":"https:\/\/blogs.elcomercio.es\/reflexiones-de-belarmino\/wp-json\/wp\/v2\/posts\/25605"}],"collection":[{"href":"https:\/\/blogs.elcomercio.es\/reflexiones-de-belarmino\/wp-json\/wp\/v2\/posts"}],"about":[{"href":"https:\/\/blogs.elcomercio.es\/reflexiones-de-belarmino\/wp-json\/wp\/v2\/types\/post"}],"author":[{"embeddable":true,"href":"https:\/\/blogs.elcomercio.es\/reflexiones-de-belarmino\/wp-json\/wp\/v2\/users\/16"}],"replies":[{"embeddable":true,"href":"https:\/\/blogs.elcomercio.es\/reflexiones-de-belarmino\/wp-json\/wp\/v2\/comments?post=25605"}],"version-history":[{"count":2,"href":"https:\/\/blogs.elcomercio.es\/reflexiones-de-belarmino\/wp-json\/wp\/v2\/posts\/25605\/revisions"}],"predecessor-version":[{"id":25607,"href":"https:\/\/blogs.elcomercio.es\/reflexiones-de-belarmino\/wp-json\/wp\/v2\/posts\/25605\/revisions\/25607"}],"wp:attachment":[{"href":"https:\/\/blogs.elcomercio.es\/reflexiones-de-belarmino\/wp-json\/wp\/v2\/media?parent=25605"}],"wp:term":[{"taxonomy":"category","embeddable":true,"href":"https:\/\/blogs.elcomercio.es\/reflexiones-de-belarmino\/wp-json\/wp\/v2\/categories?post=25605"},{"taxonomy":"post_tag","embeddable":true,"href":"https:\/\/blogs.elcomercio.es\/reflexiones-de-belarmino\/wp-json\/wp\/v2\/tags?post=25605"}],"curies":[{"name":"wp","href":"https:\/\/api.w.org\/{rel}","templated":true}]}}